{"id":102,"date":"2026-08-15T10:33:20","date_gmt":"2026-08-15T10:33:20","guid":{"rendered":"https:\/\/allotaxihorizon.fr\/blog\/velo-electrique-trajet\/"},"modified":"2026-08-15T16:50:52","modified_gmt":"2026-08-15T16:50:52","slug":"velo-electrique-trajet","status":"publish","type":"post","link":"https:\/\/allotaxihorizon.fr\/blog\/velo-electrique-trajet\/","title":{"rendered":"V\u00e9lo \u00e9lectrique : bien le choisir selon son trajet quotidien"},"content":{"rendered":"<p class=\"wp-block-paragraph\"><strong>En bref<\/strong><\/p>\n\n<ul class=\"wp-block-list\"><li>Un v\u00e9lo \u00e9lectrique se choisit d\u2019abord \u00e0 partir de la distance r\u00e9ellement parcourue chaque jour, aller et retour compris.<\/li><li>Une batterie de 400 \u00e0 500 Wh couvre souvent 40 \u00e0 60 km dans des conditions courantes, mais le froid, le vent, la charge et les c\u00f4tes r\u00e9duisent cette marge.<\/li><li>Le poids du v\u00e9lo devient d\u00e9terminant d\u00e8s qu\u2019il faut franchir des marches, le ranger dans un logement ou le placer dans un train.<\/li><li>Le moteur central sert surtout aux parcours vallonn\u00e9s et r\u00e9guliers, tandis qu\u2019un moteur dans le moyeu suffit fr\u00e9quemment \u00e0 un usage urbain plat.<\/li><li>Le budget doit inclure l\u2019antivol, l\u2019\u00e9clairage, les \u00e9quipements de pluie, l\u2019entretien et, \u00e0 terme, le remplacement de la batterie.<\/li><\/ul>\n\n<div id=\"ez-toc-container\" class=\"ez-toc-v2_0_87 counter-hierarchy ez-toc-counter ez-toc-grey ez-toc-container-direction\">\n<div class=\"ez-toc-title-container\">\n<p class=\"ez-toc-title\" style=\"cursor:inherit\">Sommaire<\/p>\n<span class=\"ez-toc-title-toggle\"><a href=\"#\" class=\"ez-toc-pull-right ez-toc-btn ez-toc-btn-xs ez-toc-btn-default ez-toc-toggle\" aria-label=\"Toggle Table of Content\"><span class=\"ez-toc-js-icon-con\"><span class=\"\"><span class=\"eztoc-hide\" style=\"display:none;\">Toggle<\/span><span class=\"ez-toc-icon-toggle-span\"><svg style=\"fill: #999;color:#999\" xmlns=\"http:\/\/www.w3.org\/2000\/svg\" class=\"list-377408\" width=\"20px\" height=\"20px\" viewBox=\"0 0 24 24\" fill=\"none\"><path d=\"M6 6H4v2h2V6zm14 0H8v2h12V6zM4 11h2v2H4v-2zm16 0H8v2h12v-2zM4 16h2v2H4v-2zm16 0H8v2h12v-2z\" fill=\"currentColor\"><\/path><\/svg><svg style=\"fill: #999;color:#999\" class=\"arrow-unsorted-368013\" xmlns=\"http:\/\/www.w3.org\/2000\/svg\" width=\"10px\" height=\"10px\" viewBox=\"0 0 24 24\" version=\"1.2\" baseProfile=\"tiny\"><path d=\"M18.2 9.3l-6.2-6.3-6.2 6.3c-.2.2-.3.4-.3.7s.1.5.3.7c.2.2.4.3.7.3h11c.3 0 .5-.1.7-.3.2-.2.3-.5.3-.7s-.1-.5-.3-.7zM5.8 14.7l6.2 6.3 6.2-6.3c.2-.2.3-.5.3-.7s-.1-.5-.3-.7c-.2-.2-.4-.3-.7-.3h-11c-.3 0-.5.1-.7.3-.2.2-.3.5-.3.7s.1.5.3.7z\"\/><\/svg><\/span><\/span><\/span><\/a><\/span><\/div>\n<nav><ul class='ez-toc-list ez-toc-list-level-1 eztoc-toggle-hide-by-default' ><li class='ez-toc-page-1 ez-toc-heading-level-2'><a class=\"ez-toc-link ez-toc-heading-1\" href=\"https:\/\/allotaxihorizon.fr\/blog\/velo-electrique-trajet\/#Partir_de_votre_trajet_quotidien_avant_de_choisir_un_velo_electrique\" >Partir de votre trajet quotidien avant de choisir un v\u00e9lo \u00e9lectrique<\/a><\/li><li class='ez-toc-page-1 ez-toc-heading-level-2'><a class=\"ez-toc-link ez-toc-heading-2\" href=\"https:\/\/allotaxihorizon.fr\/blog\/velo-electrique-trajet\/#Calculer_lautonomie_et_la_batterie_selon_la_distance_le_relief_et_la_saison\" >Calculer l\u2019autonomie et la batterie selon la distance, le relief et la saison<\/a><\/li><li class='ez-toc-page-1 ez-toc-heading-level-2'><a class=\"ez-toc-link ez-toc-heading-3\" href=\"https:\/\/allotaxihorizon.fr\/blog\/velo-electrique-trajet\/#Choisir_la_motorisation_et_la_transmission_pour_la_ville_les_cotes_ou_les_longues_distances\" >Choisir la motorisation et la transmission pour la ville, les c\u00f4tes ou les longues distances<\/a><\/li><li class='ez-toc-page-1 ez-toc-heading-level-2'><a class=\"ez-toc-link ez-toc-heading-4\" href=\"https:\/\/allotaxihorizon.fr\/blog\/velo-electrique-trajet\/#Adapter_le_cadre_le_poids_du_velo_et_le_confort_de_conduite_a_vos_contraintes_reelles\" >Adapter le cadre, le poids du v\u00e9lo et le confort de conduite \u00e0 vos contraintes r\u00e9elles<\/a><\/li><li class='ez-toc-page-1 ez-toc-heading-level-2'><a class=\"ez-toc-link ez-toc-heading-5\" href=\"https:\/\/allotaxihorizon.fr\/blog\/velo-electrique-trajet\/#Prevoir_le_budget_les_equipements_de_securite_et_lentretien_du_velo_electrique\" >Pr\u00e9voir le budget, les \u00e9quipements de s\u00e9curit\u00e9 et l\u2019entretien du v\u00e9lo \u00e9lectrique<\/a><\/li><\/ul><\/nav><\/div>\n<h2 class=\"wp-block-heading\"><span class=\"ez-toc-section\" id=\"Partir_de_votre_trajet_quotidien_avant_de_choisir_un_velo_electrique\"><\/span>Partir de votre trajet quotidien avant de choisir un v\u00e9lo \u00e9lectrique<span class=\"ez-toc-section-end\"><\/span><\/h2>\n\n<p class=\"wp-block-paragraph\">Le premier chiffre \u00e0 noter n\u2019est ni la puissance affich\u00e9e sur une publicit\u00e9 ni le nombre de vitesses. Il s\u2019agit de la distance de votre <strong>trajet quotidien<\/strong>, en additionnant l\u2019aller, le retour et les d\u00e9tours habituels. Un d\u00e9placement domicile-travail de 7 km repr\u00e9sente 14 km par jour, mais un arr\u00eat \u00e0 l\u2019\u00e9cole, des courses ou une correspondance ferroviaire peuvent rapidement porter ce total \u00e0 20 km.<\/p>\n\n<p class=\"wp-block-paragraph\">La fr\u00e9quence change aussi la nature du choix. Un v\u00e9lo utilis\u00e9 deux fois par semaine pour rejoindre un centre-ville n\u2019a pas les m\u00eames contraintes qu\u2019un cycle employ\u00e9 cinq jours sur cinq, par tous les temps. Pour un usage r\u00e9gulier, les garde-boue, le porte-bagages, une b\u00e9quille stable et des pneus r\u00e9sistants aux crevaisons comptent davantage qu\u2019un \u00e9quipement purement d\u00e9coratif.<\/p>\n\n<p class=\"wp-block-paragraph\">Le type de trajet doit \u00eatre regard\u00e9 dans l\u2019ordre o\u00f9 il se d\u00e9roule. Commencez par rep\u00e9rer le rev\u00eatement, puis les c\u00f4tes, les intersections, les lieux de stationnement et enfin les \u00e9ventuelles \u00e9tapes \u00e0 pied. Les pav\u00e9s, les bandes cyclables d\u00e9grad\u00e9es et les raccords de trottoir fatiguent davantage qu\u2019une voie verte r\u00e9guli\u00e8re. Une fourche suspendue peut apporter un gain r\u00e9el sur une chauss\u00e9e ab\u00eem\u00e9e, alors qu\u2019elle ajoute du poids et un peu d\u2019entretien sur un itin\u00e9raire lisse.<\/p>\n\n<p class=\"wp-block-paragraph\">La r\u00e9glementation fran\u00e7aise distingue le v\u00e9lo \u00e0 assistance \u00e9lectrique du cyclomoteur. Selon l\u2019article R311-1 du code de la route, cat\u00e9gorie 6.11, l\u2019assistance d\u2019un VAE doit \u00eatre li\u00e9e au p\u00e9dalage, sa puissance nominale continue ne doit pas d\u00e9passer 250 W et elle doit se couper avant 25 km\/h. Un engin qui avance avec une poign\u00e9e d\u2019acc\u00e9l\u00e9ration sans p\u00e9dalage, ou dont l\u2019assistance demeure active au-del\u00e0 de ce seuil, ne rel\u00e8ve pas du m\u00eame r\u00e9gime. Il peut exiger immatriculation, assurance et \u00e9quipements propres aux cyclomoteurs.<\/p>\n\n<p class=\"wp-block-paragraph\">Un d\u00e9placement combinant v\u00e9lo et train impose une v\u00e9rification plus concr\u00e8te encore. Le pliage doit pouvoir \u00eatre effectu\u00e9 sans d\u00e9monter les accessoires, et le volume repli\u00e9 doit correspondre aux r\u00e8gles de l\u2019op\u00e9rateur ferroviaire utilis\u00e9. Un v\u00e9lo pliant de 20 pouces facilite la manutention, mais ses petites roues transmettent plus nettement les irr\u00e9gularit\u00e9s. Sur 3 \u00e0 8 km en ville, ce compromis est g\u00e9n\u00e9ralement acceptable. Au-del\u00e0 de 15 km par jour sur chauss\u00e9e d\u00e9form\u00e9e, des roues de 24, 26 ou 27,5 pouces procurent une conduite plus stable.<\/p>\n\n<p class=\"wp-block-paragraph\">La question du stationnement ne doit pas \u00eatre report\u00e9e apr\u00e8s l\u2019achat. Un v\u00e9lo \u00e9lectrique laiss\u00e9 huit heures dehors doit recevoir un antivol adapt\u00e9 au point fixe disponible. La F\u00e9d\u00e9ration fran\u00e7aise des Usag\u00e8res et Usagers de la Bicyclette recommande d\u2019attacher le cadre et, si possible, une roue \u00e0 un arceau solide. Un antivol en U ou une cha\u00eene homologu\u00e9e p\u00e8se souvent entre 1 et 3 kg. Ce poids s\u2019ajoute au poids du v\u00e9lo lors des manipulations quotidiennes.<\/p>\n\n<p class=\"wp-block-paragraph\">Le budget d\u2019un trajet ne se limite pas au ticket de caisse du magasin. Si le VAE remplace une partie des d\u00e9placements en voiture, la comparaison doit int\u00e9grer le stationnement, le carburant, le p\u00e9age et l\u2019usure du v\u00e9hicule. Les tarifs autoroutiers \u00e9voluent notamment chaque 1er f\u00e9vrier ; les conditions qui font varier une d\u00e9pense sont d\u00e9taill\u00e9es dans ce guide sur le <a href=\"https:\/\/allotaxihorizon.fr\/blog\/peage-prix-autoroute-astuces\/\">prix des p\u00e9ages autoroutiers<\/a>. Sur un parcours de proximit\u00e9, le v\u00e9lo ne remplace pas toujours l\u2019automobile, mais il \u00e9vite souvent les petits trajets les plus co\u00fbteux au kilom\u00e8tre.<\/p>\n\n<p class=\"wp-block-paragraph\">Un trajet de 5 km plat, avec un local ferm\u00e9 au travail, oriente vers un v\u00e9lo urbain simple et maniable. Un aller-retour de 30 km, avec 300 m\u00e8tres de d\u00e9nivel\u00e9 et des sacoches charg\u00e9es, demande une batterie plus grande, une transmission robuste et un freinage plus endurant. Le v\u00e9lo adapt\u00e9 est donc celui qui tient votre parcours r\u00e9el sans vous imposer une recharge ou une manutention p\u00e9nible au milieu de la semaine.<\/p>\n\n\n\n<figure class=\"wp-block-image size-large\"><img loading=\"lazy\" decoding=\"async\" width=\"1536\" height=\"1024\" src=\"https:\/\/allotaxihorizon.fr\/blog\/wp-content\/uploads\/2026\/08\/batterie-velo-electrique-amovible-moteur-roue.jpg\" alt=\"Batterie de v\u00e9lo \u00e9lectrique tenue \u00e0 la main\" class=\"wp-image-179\" srcset=\"https:\/\/allotaxihorizon.fr\/blog\/wp-content\/uploads\/2026\/08\/batterie-velo-electrique-amovible-moteur-roue.jpg 1536w, https:\/\/allotaxihorizon.fr\/blog\/wp-content\/uploads\/2026\/08\/batterie-velo-electrique-amovible-moteur-roue-300x200.jpg 300w, https:\/\/allotaxihorizon.fr\/blog\/wp-content\/uploads\/2026\/08\/batterie-velo-electrique-amovible-moteur-roue-1024x683.jpg 1024w, https:\/\/allotaxihorizon.fr\/blog\/wp-content\/uploads\/2026\/08\/batterie-velo-electrique-amovible-moteur-roue-768x512.jpg 768w\" sizes=\"auto, (max-width: 1536px) 100vw, 1536px\" \/><figcaption class=\"wp-element-caption\">Illustration g\u00e9n\u00e9r\u00e9e par intelligence artificielle.<\/figcaption><\/figure>\n\n<h2 class=\"wp-block-heading\"><span class=\"ez-toc-section\" id=\"Calculer_lautonomie_et_la_batterie_selon_la_distance_le_relief_et_la_saison\"><\/span>Calculer l\u2019autonomie et la batterie selon la distance, le relief et la saison<span class=\"ez-toc-section-end\"><\/span><\/h2>\n\n<p class=\"wp-block-paragraph\">L\u2019<strong>autonomie<\/strong> annonc\u00e9e par un fabricant doit \u00eatre lue comme une valeur obtenue dans des conditions favorables. Elle d\u00e9pend de la capacit\u00e9 de la batterie, exprim\u00e9e en wattheures, mais aussi du niveau d\u2019assistance choisi, de la pente, de la pression des pneus, de la temp\u00e9rature, de la charge transport\u00e9e et de l\u2019effort fourni au p\u00e9dalage. Deux personnes utilisant le m\u00eame v\u00e9lo sur des itin\u00e9raires diff\u00e9rents n\u2019obtiendront pas la m\u00eame distance.<\/p>\n\n<p class=\"wp-block-paragraph\">La capacit\u00e9 se calcule simplement lorsque le fabricant indique la tension et les amp\u00e8res-heures. Une batterie de 36 V et 14 Ah atteint 504 Wh. Cette donn\u00e9e est plus utile qu\u2019une promesse vague de kilom\u00e8tres. Pour une circulation urbaine assez plate, une consommation comprise entre 8 et 12 Wh par kilom\u00e8tre permet souvent de pr\u00e9voir une distance pratique. Sur un parcours vallonn\u00e9, venteux ou charg\u00e9, 15 \u00e0 20 Wh par kilom\u00e8tre constituent une estimation plus prudente.<\/p>\n\n<figure class=\"wp-block-table\"><table>\n<thead>\n<tr>\n<th>Capacit\u00e9 de batterie<\/th>\n<th>Distance prudente en terrain urbain<\/th>\n<th>Distance prudente en relief marqu\u00e9<\/th>\n<th>Usage adapt\u00e9<\/th>\n<\/tr>\n<\/thead>\n<tbody>\n<tr>\n<td>300 \u00e0 375 Wh<\/td>\n<td>25 \u00e0 40 km<\/td>\n<td>18 \u00e0 30 km<\/td>\n<td>Courts d\u00e9placements et recharge fr\u00e9quente<\/td>\n<\/tr>\n<tr>\n<td>400 \u00e0 500 Wh<\/td>\n<td>40 \u00e0 60 km<\/td>\n<td>30 \u00e0 45 km<\/td>\n<td>Trajet quotidien courant avec marge<\/td>\n<\/tr>\n<tr>\n<td>625 \u00e0 750 Wh<\/td>\n<td>60 \u00e0 90 km<\/td>\n<td>45 \u00e0 65 km<\/td>\n<td>Longues distances, relief ou charge<\/td>\n<\/tr>\n<\/tbody>\n<\/table><\/figure>\n\n<p class=\"wp-block-paragraph\">Les distances du tableau correspondent \u00e0 une estimation d\u2019usage et non \u00e0 une garantie contractuelle. Elles reposent sur une assistance mod\u00e9r\u00e9e, un cycliste qui p\u00e9dale activement et un v\u00e9lo entretenu. Une mont\u00e9e longue avec le mode maximal peut consommer autant d\u2019\u00e9nergie que plusieurs kilom\u00e8tres de plat. Une batterie de 500 Wh n\u2019autorise donc pas automatiquement 100 km de circulation quotidienne.<\/p>\n\n<p class=\"wp-block-paragraph\">Pour un aller-retour de 20 km, une capacit\u00e9 de 400 Wh peut suffire sur terrain peu accident\u00e9. Il est plus raisonnable de ne pas construire le choix sur une batterie enti\u00e8rement vide \u00e0 l\u2019arriv\u00e9e. Garder environ 20 % de marge \u00e9vite de d\u00e9pendre d\u2019une prise indisponible, d\u2019un vent d\u00e9favorable ou d\u2019un d\u00e9tour impos\u00e9 par des travaux. Cette r\u00e9serve devient particuli\u00e8rement utile entre novembre et f\u00e9vrier, lorsque le froid r\u00e9duit temporairement les performances des cellules lithium-ion.<\/p>\n\n<p class=\"wp-block-paragraph\">La batterie amovible m\u00e9rite une v\u00e9rification physique avant tout achat. Il faut pouvoir la retirer sans forcer, la transporter et la recharger dans un logement ou un bureau si le garage n\u2019est pas aliment\u00e9. Une batterie int\u00e9gr\u00e9e au cadre prot\u00e8ge mieux des chocs et du vol opportuniste, mais elle peut compliquer la recharge lorsque le v\u00e9lo dort dans un local sans prise.<\/p>\n\n<p class=\"wp-block-paragraph\">Le stockage influe sur la dur\u00e9e de vie. Les notices des fabricants recommandent g\u00e9n\u00e9ralement un lieu sec, \u00e0 temp\u00e9rature mod\u00e9r\u00e9e, et une charge partielle lorsque le v\u00e9lo reste inutilis\u00e9 plusieurs semaines. \u00c9vitez de laisser la batterie dans un coffre de voiture tr\u00e8s chaud en \u00e9t\u00e9 ou expos\u00e9e au gel pendant une nuit enti\u00e8re. Le chargeur fourni par le constructeur doit \u00eatre utilis\u00e9, car une alimentation non compatible peut endommager les cellules et annuler une garantie.<\/p>\n\n<p class=\"wp-block-paragraph\">Le remplacement d\u2019une batterie constitue une d\u00e9pense \u00e0 anticiper. Les tarifs varient selon la capacit\u00e9, le syst\u00e8me de fixation et l\u2019\u00e9lectronique int\u00e9gr\u00e9e. Les catalogues de fabricants et de revendeurs fran\u00e7ais consult\u00e9s en 2026 affichent fr\u00e9quemment des batteries de remplacement entre 400 et 900 euros. Ce montant n\u2019est pas r\u00e9glement\u00e9 ; il d\u00e9pend de la marque et de la r\u00e9f\u00e9rence exacte. Demandez le prix de la batterie avant de signer, ainsi que son d\u00e9lai de disponibilit\u00e9 et les conditions de recyclage.<\/p>\n\n<p class=\"wp-block-paragraph\">La recharge compl\u00e8te prend souvent de 3 \u00e0 6 heures avec le chargeur d\u2019origine, selon la capacit\u00e9 et la puissance de charge. Ce d\u00e9lai doit \u00eatre compatible avec votre organisation. Un cycliste qui parcourt 15 km par jour peut recharger deux ou trois fois par semaine. \u00c0 35 km quotidiens avec du relief, une recharge presque chaque soir devient plus r\u00e9aliste. La capacit\u00e9 suffisante n\u2019est pas celle qui promet la plus grande distance, mais celle qui maintient une marge stable dans vos conditions ordinaires.<\/p>\n\n<figure class=\"is-provider-youtube is-type-video wp-block-embed wp-block-embed-youtube wp-embed-aspect-16-9 wp-has-aspect-ratio\"><div class=\"wp-block-embed__wrapper\">\n<iframe loading=\"lazy\" title=\"Comment choisir son v\u00e9lo \u00e9lectrique I UFC Que Choisir\" width=\"500\" height=\"281\" src=\"https:\/\/www.youtube.com\/embed\/tqvt7lP0nEU?feature=oembed\" frameborder=\"0\" allow=\"accelerometer; autoplay; clipboard-write; encrypted-media; gyroscope; picture-in-picture; web-share\" referrerpolicy=\"strict-origin-when-cross-origin\" allowfullscreen><\/iframe>\n<\/div><\/figure>\n\n<h2 class=\"wp-block-heading\"><span class=\"ez-toc-section\" id=\"Choisir_la_motorisation_et_la_transmission_pour_la_ville_les_cotes_ou_les_longues_distances\"><\/span>Choisir la motorisation et la transmission pour la ville, les c\u00f4tes ou les longues distances<span class=\"ez-toc-section-end\"><\/span><\/h2>\n\n<p class=\"wp-block-paragraph\">La <strong>motorisation<\/strong> doit suivre le relief et la r\u00e9gularit\u00e9 de l\u2019effort demand\u00e9. Dans le cadre l\u00e9gal du VAE, un moteur de 250 W ne donne pas la m\u00eame sensation selon son emplacement, son capteur et la transmission associ\u00e9e. Le chiffre de puissance seul ne permet donc pas de comparer deux v\u00e9los. La r\u00e9activit\u00e9 au d\u00e9marrage, la douceur de l\u2019assistance et la capacit\u00e9 \u00e0 monter une pente d\u00e9pendent de l\u2019ensemble du syst\u00e8me.<\/p>\n\n<p class=\"wp-block-paragraph\">Le moteur situ\u00e9 dans le moyeu de la roue avant ou arri\u00e8re est fr\u00e9quent sur les v\u00e9los urbains accessibles. Il convient \u00e0 des parcours plats ou l\u00e9g\u00e8rement vallonn\u00e9s, avec des distances mod\u00e9r\u00e9es. Sa conception est souvent plus simple et son co\u00fbt d\u2019achat plus contenu. Un moteur arri\u00e8re procure habituellement une sensation de pouss\u00e9e plus naturelle qu\u2019un moteur avant, qui peut donner l\u2019impression que la roue tire le v\u00e9lo.<\/p>\n\n<p class=\"wp-block-paragraph\">Le moteur central, plac\u00e9 au niveau du p\u00e9dalier, travaille avec les vitesses du v\u00e9lo. Il est particuli\u00e8rement utile lorsque le trajet comporte des mont\u00e9es r\u00e9p\u00e9t\u00e9es, des routes de campagne ou une charge importante. Il r\u00e9partit aussi le poids au centre du cadre, ce qui am\u00e9liore l\u2019\u00e9quilibre lors des man\u0153uvres. Cette solution augmente souvent le prix d\u2019achat et implique de surveiller davantage l\u2019usure de la cha\u00eene, de la cassette ou de la courroie.<\/p>\n\n<p class=\"wp-block-paragraph\">Le capteur de p\u00e9dalage m\u00e9rite un essai r\u00e9el. Un capteur de rotation d\u00e9clenche l\u2019assistance d\u00e8s que les p\u00e9dales tournent. Il est simple et courant, mais l\u2019aide peut arriver avec un l\u00e9ger retard ou de mani\u00e8re assez franche. Un capteur de couple mesure la pression exerc\u00e9e sur les p\u00e9dales et module l\u2019assistance. Sur les rues fr\u00e9quent\u00e9es, les d\u00e9marrages et les c\u00f4tes, cette progressivit\u00e9 apporte un meilleur contr\u00f4le.<\/p>\n\n<p class=\"wp-block-paragraph\">La transmission \u00e0 d\u00e9railleur reste adapt\u00e9e si vous acceptez un entretien p\u00e9riodique. Elle offre une large plage de rapports, utile pour passer d\u2019une voie plate \u00e0 une c\u00f4te. Elle exige cependant un nettoyage de cha\u00eene, une lubrification et un r\u00e9glage lorsque les vitesses sautent. Sur un v\u00e9lo roulant sous la pluie toute l\u2019ann\u00e9e, ce point m\u00e9rite d\u2019\u00eatre anticip\u00e9 plut\u00f4t que d\u00e9couvert apr\u00e8s quelques mois.<\/p>\n\n<p class=\"wp-block-paragraph\">Les vitesses int\u00e9gr\u00e9es dans le moyeu ou les transmissions automatiques simplifient l\u2019usage urbain. Elles permettent parfois de changer de rapport \u00e0 l\u2019arr\u00eat, ce qui est pratique au feu rouge. Elles sont g\u00e9n\u00e9ralement prot\u00e9g\u00e9es des projections et demandent moins de r\u00e9glages au quotidien. En contrepartie, les r\u00e9parations peuvent \u00eatre plus sp\u00e9cialis\u00e9es et le co\u00fbt initial est souvent sup\u00e9rieur. Une transmission par courroie, associ\u00e9e \u00e0 un moyeu compatible, \u00e9vite la graisse de cha\u00eene mais impose des composants pr\u00e9cis.<\/p>\n\n<p class=\"wp-block-paragraph\">Les freins compl\u00e8tent directement le choix de la motorisation. Un VAE roule vite jusqu\u2019\u00e0 25 km\/h et p\u00e8se davantage qu\u2019un v\u00e9lo classique. Les freins \u00e0 disque hydrauliques offrent une puissance r\u00e9guli\u00e8re, y compris sous la pluie, \u00e0 condition d\u2019\u00eatre entretenus. Des freins sur jante bien r\u00e9gl\u00e9s peuvent suffire \u00e0 un trajet calme et plat, mais les descentes, les sacoches charg\u00e9es et un usage hivernal plaident en faveur du disque.<\/p>\n\n<p class=\"wp-block-paragraph\">Un v\u00e9lo sans d\u00e9railleur externe ne doit pas \u00eatre choisi parce qu\u2019il para\u00eet moderne. Il doit r\u00e9pondre \u00e0 une contrainte pr\u00e9cise : des arr\u00eats fr\u00e9quents, peu de temps consacr\u00e9 \u00e0 la m\u00e9canique et un parcours urbain r\u00e9gulier. \u00c0 l\u2019inverse, un itin\u00e9raire alternant mont\u00e9es longues et sorties de week-end b\u00e9n\u00e9ficie encore d\u2019une transmission offrant de nombreux rapports. La motorisation coh\u00e9rente est celle qui rend les d\u00e9marrages, les pentes et le freinage pr\u00e9visibles sans transformer le trajet en exercice de r\u00e9glage permanent.<\/p>\n\n<h2 class=\"wp-block-heading\"><span class=\"ez-toc-section\" id=\"Adapter_le_cadre_le_poids_du_velo_et_le_confort_de_conduite_a_vos_contraintes_reelles\"><\/span>Adapter le cadre, le poids du v\u00e9lo et le confort de conduite \u00e0 vos contraintes r\u00e9elles<span class=\"ez-toc-section-end\"><\/span><\/h2>\n\n<p class=\"wp-block-paragraph\">Le <strong>poids du v\u00e9lo<\/strong> est parfois d\u00e9couvert trop tard, au moment de le monter dans un couloir, de le fixer sur un porte-v\u00e9los ou de le tourner dans une cave \u00e9troite. Les mod\u00e8les \u00e9lectriques courants p\u00e8sent souvent entre 20 et 28 kg sans bagage. Un antivol, des sacoches, un si\u00e8ge enfant et une batterie de grande capacit\u00e9 peuvent ajouter plusieurs kilogrammes.<\/p>\n\n<p class=\"wp-block-paragraph\">Si vous devez porter le v\u00e9lo chaque jour, un seuil de 22 kg constitue une cible pratique. Cela ne signifie pas qu\u2019un v\u00e9lo de 24 kg est inutilisable, mais quatre \u00e9tages sans ascenseur ne se n\u00e9gocient pas avec une fiche technique. Un mod\u00e8le pliant peut r\u00e9duire l\u2019encombrement, sans devenir n\u00e9cessairement l\u00e9ger. V\u00e9rifiez son poids complet, batterie comprise, et non le poids du cadre seul.<\/p>\n\n<p class=\"wp-block-paragraph\">Le cadre ouvert, souvent appel\u00e9 cadre bas, facilite la mont\u00e9e et la descente. Il r\u00e9pond \u00e0 une contrainte de mobilit\u00e9, \u00e0 une tenue de ville ou \u00e0 des arr\u00eats fr\u00e9quents. Il ne doit pas \u00eatre r\u00e9serv\u00e9 \u00e0 une cat\u00e9gorie d\u2019\u00e2ge. Un cadre ferm\u00e9 peut offrir une sensation de rigidit\u00e9 int\u00e9ressante sur les longs parcours, mais demande d\u2019enjamber la barre sup\u00e9rieure. Le bon choix se v\u00e9rifie \u00e0 l\u2019arr\u00eat, en tenue ordinaire et avec les chaussures r\u00e9ellement port\u00e9es au quotidien.<\/p>\n\n<p class=\"wp-block-paragraph\">Le confort de conduite repose sur plusieurs r\u00e9glages simples. La selle doit \u00eatre \u00e0 une hauteur qui permet d\u2019\u00e9tendre presque la jambe en bas de p\u00e9dale, sans verrouiller le genou. Le guidon d\u00e9termine la position du dos, des \u00e9paules et de la nuque. Une posture redress\u00e9e convient aux d\u00e9placements urbains car elle am\u00e9liore la visibilit\u00e9 dans la circulation. Une posture plus inclin\u00e9e r\u00e9duit la prise au vent, mais peut fatiguer les poignets sur des routes d\u00e9grad\u00e9es.<\/p>\n\n<p class=\"wp-block-paragraph\">Les roues de grand diam\u00e8tre franchissent mieux les d\u00e9fauts de chauss\u00e9e. Des pneus larges, correctement gonfl\u00e9s, apportent \u00e9galement du confort et de l\u2019adh\u00e9rence. La pression recommand\u00e9e est indiqu\u00e9e sur le flanc du pneu ; elle doit \u00eatre ajust\u00e9e dans la plage pr\u00e9vue par le fabricant selon la charge. Un pneu sous-gonfl\u00e9 augmente le risque de pincement et consomme davantage d\u2019\u00e9nergie. Un pneu trop gonfl\u00e9 transmet toutes les vibrations et r\u00e9duit l\u2019adh\u00e9rence sur sol humide.<\/p>\n\n<p class=\"wp-block-paragraph\">Le tricycle \u00e9lectrique r\u00e9pond \u00e0 une situation particuli\u00e8re, celle o\u00f9 la stabilit\u00e9 \u00e0 l\u2019arr\u00eat constitue la difficult\u00e9 principale. Il permet d\u2019\u00e9viter de poser le pied \u00e0 chaque feu et peut transporter des courses dans un panier arri\u00e8re. Il est aussi plus large, plus lourd et moins maniable dans les passages \u00e9troits. Les tarifs observ\u00e9s en 2026 chez des revendeurs sp\u00e9cialis\u00e9s vont couramment de 3 000 \u00e0 10 000 euros selon l\u2019\u00e9quipement et la motorisation. Ce prix n\u2019est encadr\u00e9 par aucun bar\u00e8me public.<\/p>\n\n<p class=\"wp-block-paragraph\">La s\u00e9curit\u00e9 exige un contr\u00f4le de la largeur totale si le v\u00e9hicule emprunte des am\u00e9nagements \u00e9troits. Elle implique aussi de tester le comportement en virage, car un tricycle ne s\u2019incline pas comme un v\u00e9lo. Une personne ayant des difficult\u00e9s d\u2019\u00e9quilibre, une incapacit\u00e9 \u00e0 p\u00e9daler ou un besoin d\u2019adaptation doit demander un avis individualis\u00e9 \u00e0 un professionnel de sant\u00e9, \u00e0 un ergoth\u00e9rapeute ou \u00e0 un sp\u00e9cialiste du mat\u00e9riel adapt\u00e9. Un article g\u00e9n\u00e9ral ne peut pas valider l\u2019ad\u00e9quation d\u2019un \u00e9quipement \u00e0 une situation m\u00e9dicale.<\/p>\n\n<p class=\"wp-block-paragraph\">Le rangement impose enfin des mesures concr\u00e8tes. Mesurez la largeur de la porte, le rayon de braquage dans le couloir et la place au sol une fois le v\u00e9lo gar\u00e9. Un v\u00e9lo agr\u00e9able sur le papier devient un obstacle si chaque d\u00e9part exige de d\u00e9placer des meubles ou de franchir une marche. Le confort durable commence par un v\u00e9lo que vous pouvez sortir, conduire et ranger sans difficult\u00e9 r\u00e9p\u00e9t\u00e9e.<\/p>\n\n<figure class=\"is-provider-youtube is-type-video wp-block-embed wp-block-embed-youtube wp-embed-aspect-16-9 wp-has-aspect-ratio\"><div class=\"wp-block-embed__wrapper\">\n<iframe loading=\"lazy\" title=\"V\u00e9lo \u00e9lectrique : Guide d&amp;apos;Achat, Meilleurs v\u00e9lo, bien choisir, conseils, avis Mokwheel\" width=\"500\" height=\"281\" src=\"https:\/\/www.youtube.com\/embed\/4NNs7NJr9j4?feature=oembed\" frameborder=\"0\" allow=\"accelerometer; autoplay; clipboard-write; encrypted-media; gyroscope; picture-in-picture; web-share\" referrerpolicy=\"strict-origin-when-cross-origin\" allowfullscreen><\/iframe>\n<\/div><\/figure>\n\n<h2 class=\"wp-block-heading\"><span class=\"ez-toc-section\" id=\"Prevoir_le_budget_les_equipements_de_securite_et_lentretien_du_velo_electrique\"><\/span>Pr\u00e9voir le budget, les \u00e9quipements de s\u00e9curit\u00e9 et l\u2019entretien du v\u00e9lo \u00e9lectrique<span class=\"ez-toc-section-end\"><\/span><\/h2>\n\n<p class=\"wp-block-paragraph\">Le <strong>budget<\/strong> d\u2019un v\u00e9lo \u00e9lectrique doit \u00eatre \u00e9tabli sur plusieurs ann\u00e9es. Le prix d\u2019achat ne couvre ni tous les accessoires ni les op\u00e9rations d\u2019entretien. Un VAE destin\u00e9 \u00e0 un trajet quotidien doit pouvoir rouler sous la pluie, stationner sans risque excessif et transporter ce qui accompagne une journ\u00e9e de travail. Ces besoins se chiffrent avant l\u2019achat, car ils ne disparaissent pas apr\u00e8s la livraison.<\/p>\n\n<p class=\"wp-block-paragraph\">Un v\u00e9lo de ville \u00e9quip\u00e9 d\u2019une batterie de 400 \u00e0 500 Wh, de garde-boue, d\u2019un porte-bagages et d\u2019\u00e9clairages fixes se situe souvent entre 1 500 et 3 000 euros dans les catalogues fran\u00e7ais consult\u00e9s en 2026. Les v\u00e9los pliants tr\u00e8s l\u00e9gers, les cargos et les mod\u00e8les \u00e0 moteur central peuvent d\u00e9passer ce montant. Ce sont des prix de march\u00e9, non des tarifs r\u00e9glement\u00e9s. Ils varient selon la distribution, le niveau d\u2019\u00e9quipement, la garantie et la disponibilit\u00e9 des pi\u00e8ces.<\/p>\n\n<p class=\"wp-block-paragraph\">Les aides publiques changent selon la collectivit\u00e9 et selon l\u2019ann\u00e9e budg\u00e9taire. Le bonus v\u00e9lo de l\u2019\u00c9tat a pris fin pour les achats r\u00e9alis\u00e9s \u00e0 compter du 15 f\u00e9vrier 2025, conform\u00e9ment au d\u00e9cret n\u00b0 2024-1084 du 29 novembre 2024 relatif aux aides \u00e0 l\u2019acquisition de v\u00e9hicules peu polluants. Des aides r\u00e9gionales, d\u00e9partementales ou intercommunales peuvent subsister, mais leurs conditions diff\u00e8rent : domicile, revenu fiscal de r\u00e9f\u00e9rence, mod\u00e8le achet\u00e9, d\u00e9lai de d\u00e9p\u00f4t et justificatifs demand\u00e9s. V\u00e9rifiez le r\u00e8glement publi\u00e9 par votre collectivit\u00e9 avant de commander, car une facture r\u00e9gl\u00e9e avant l\u2019accord peut rendre une demande irrecevable.<\/p>\n\n<p class=\"wp-block-paragraph\">Les \u00e9quipements de s\u00e9curit\u00e9 ne doivent pas \u00eatre trait\u00e9s comme une option. L\u2019article R313-4 du code de la route impose notamment un feu de position blanc ou jaune \u00e0 l\u2019avant et un feu rouge \u00e0 l\u2019arri\u00e8re pour les cycles. Les catadioptres sont \u00e9galement requis. Le casque est obligatoire pour les enfants de moins de 12 ans, conducteur ou passager, selon l\u2019article R431-1-3 du code de la route. Pour les adultes, il reste fortement recommand\u00e9, notamment sur les itin\u00e9raires rapides ou charg\u00e9s.<\/p>\n\n<ul class=\"wp-block-list\"><li>Pr\u00e9voyez un antivol principal attachant le cadre \u00e0 un point fixe, puis une protection compl\u00e9mentaire pour la roue ou la batterie amovible.<\/li><li>Choisissez des \u00e9clairages fixes aliment\u00e9s par la batterie ou des lampes rechargeables dont l\u2019autonomie couvre le retour nocturne.<\/li><li>Installez des garde-boue si vous roulez toute l\u2019ann\u00e9e, car ils prot\u00e8gent le cycliste et les composants des projections.<\/li><li>Ajoutez des sacoches ou un panier solidement fix\u00e9 afin d\u2019\u00e9viter de porter une charge instable sur le guidon.<\/li><li>Gardez une pompe, un kit de r\u00e9paration et les r\u00e9f\u00e9rences de la batterie dans le lieu de rangement du v\u00e9lo.<\/li><\/ul>\n\n<p class=\"wp-block-paragraph\">L\u2019entretien courant comprend le contr\u00f4le de la pression des pneus, de l\u2019\u00e9tat des plaquettes ou patins, de la cha\u00eene et des fixations. Un v\u00e9lo employ\u00e9 quotidiennement m\u00e9rite une inspection visuelle hebdomadaire. D\u00e8s qu\u2019un frein frotte, qu\u2019un rayon se desserre, qu\u2019une vitesse saute ou que l\u2019assistance pr\u00e9sente un message d\u2019erreur, faites contr\u00f4ler le v\u00e9lo par un r\u00e9parateur disposant de l\u2019outillage compatible avec la marque.<\/p>\n\n<p class=\"wp-block-paragraph\">Demandez par \u00e9crit la dur\u00e9e de garantie du cadre, du moteur et de la batterie. Les garanties ne couvrent pas toutes les pi\u00e8ces de la m\u00eame fa\u00e7on, et l\u2019usure des pneus, plaquettes ou transmission reste g\u00e9n\u00e9ralement \u00e0 la charge de l\u2019utilisateur. V\u00e9rifiez \u00e9galement si un atelier agr\u00e9\u00e9 se trouve \u00e0 une distance raisonnable. Un v\u00e9lo achet\u00e9 uniquement pour son tarif bas peut devenir co\u00fbteux si la batterie ou l\u2019\u00e9cran doivent \u00eatre exp\u00e9di\u00e9s sans solution de remplacement.<\/p>\n\n<p class=\"wp-block-paragraph\">Le choix du v\u00e9lo d\u00e9pend aussi des alternatives de d\u00e9placement. Pour un voyage ponctuel ou un trajet o\u00f9 le stationnement est impossible, le train, le covoiturage, le taxi ou le VTC peuvent compl\u00e9ter l\u2019usage du cycle. Les r\u00e8gles de prix et de r\u00e9servation ne sont pas identiques : cette comparaison entre <a href=\"https:\/\/allotaxihorizon.fr\/blog\/taxi-vtc-differences\/\">taxi et VTC<\/a> rappelle notamment que le taxi applique un tarif d\u00e9partemental r\u00e9glement\u00e9 alors que le VTC fixe son prix \u00e0 l\u2019avance. Le v\u00e9lo \u00e9lectrique reste le plus pertinent lorsqu\u2019il correspond \u00e0 un itin\u00e9raire r\u00e9p\u00e9t\u00e9, un stationnement s\u00e9curis\u00e9 et une distance compatible avec votre organisation.<\/p>\n\n<p class=\"wp-block-paragraph\">Avant de payer, faites un essai avec une charge proche de celle que vous transporterez, franchissez un d\u00e9marrage en c\u00f4te et testez le freinage. Un v\u00e9lo qui convient durant dix minutes sur sol plat peut r\u00e9v\u00e9ler ses limites d\u00e8s le premier trajet sous la pluie. Le choix durable est celui dont l\u2019usage, l\u2019entretien et le rangement restent supportables chaque jour de l\u2019ann\u00e9e.<\/p>\n\n\n<h3>Quelle autonomie choisir pour un trajet quotidien de 20 km ?<\/h3>\n<p>Une batterie de 400 \u00e0 500 Wh donne g\u00e9n\u00e9ralement une marge adapt\u00e9e pour 20 km aller-retour sur terrain peu vallonn\u00e9. Si le parcours comporte des c\u00f4tes, du vent fr\u00e9quent, un enfant ou des sacoches charg\u00e9es, une capacit\u00e9 de 500 Wh ou davantage apporte une r\u00e9serve plus r\u00e9aliste.<\/p>\n<h3>Un v\u00e9lo \u00e9lectrique peut-il rouler sans sa batterie ?<\/h3>\n<p>Oui, mais son poids rend le p\u00e9dalage plus exigeant. Selon la motorisation et la transmission, le v\u00e9lo peut aussi offrir davantage de r\u00e9sistance qu\u2019un v\u00e9lo classique. Cette possibilit\u00e9 sert surtout de solution de d\u00e9pannage, pas de mode d\u2019usage quotidien.<\/p>\n<h3>Quel poids de v\u00e9lo \u00e9lectrique choisir si vous avez des escaliers ?<\/h3>\n<p>Un mod\u00e8le de moins de 22 kg batterie comprise limite la difficult\u00e9 des manipulations r\u00e9p\u00e9t\u00e9es. Mesurez aussi les paliers, les portes et les marches, car un v\u00e9lo compact mais lourd reste p\u00e9nible \u00e0 porter chaque jour.<\/p>\n<h3>Moteur central ou moteur dans la roue pour la ville ?<\/h3>\n<p>Un moteur dans le moyeu suffit souvent pour des d\u00e9placements urbains plats et mod\u00e9r\u00e9s. Le moteur central devient plus pertinent lorsque le trajet comporte des c\u00f4tes r\u00e9guli\u00e8res, des distances \u00e9lev\u00e9es ou des charges importantes, car il utilise les vitesses du v\u00e9lo.<\/p>\n<h3>Les aides pour acheter un v\u00e9lo \u00e9lectrique existent-elles encore ?<\/h3>\n<p>Le bonus v\u00e9lo de l\u2019\u00c9tat a cess\u00e9 pour les achats r\u00e9alis\u00e9s \u00e0 partir du 15 f\u00e9vrier 2025, selon le d\u00e9cret n\u00b0 2024-1084 du 29 novembre 2024. Certaines collectivit\u00e9s conservent leurs propres aides ; leurs crit\u00e8res doivent \u00eatre v\u00e9rifi\u00e9s avant l\u2019achat et avant le d\u00e9p\u00f4t du dossier.<\/p>\n\n","protected":false},"excerpt":{"rendered":"<p>En bref Partir de votre trajet quotidien avant de choisir un v\u00e9lo \u00e9lectrique Le premier chiffre \u00e0 noter n\u2019est ni la puissance affich\u00e9e sur une publicit\u00e9 ni le nombre de vitesses. Il s\u2019agit de la distance de votre trajet quotidien, en additionnant l\u2019aller, le retour et les d\u00e9tours habituels. Un d\u00e9placement domicile-travail de 7 km [&hellip;]<\/p>\n","protected":false},"author":1,"featured_media":178,"comment_status":"open","ping_status":"closed","sticky":false,"template":"","format":"standard","meta":{"footnotes":""},"categories":[19],"tags":[],"class_list":["post-102","post","type-post","status-publish","format-standard","has-post-thumbnail","hentry","category-mobilites-douces-electrique"],"_links":{"self":[{"href":"https:\/\/allotaxihorizon.fr\/blog\/wp-json\/wp\/v2\/posts\/102","targetHints":{"allow":["GET"]}}],"collection":[{"href":"https:\/\/allotaxihorizon.fr\/blog\/wp-json\/wp\/v2\/posts"}],"about":[{"href":"https:\/\/allotaxihorizon.fr\/blog\/wp-json\/wp\/v2\/types\/post"}],"author":[{"embeddable":true,"href":"https:\/\/allotaxihorizon.fr\/blog\/wp-json\/wp\/v2\/users\/1"}],"replies":[{"embeddable":true,"href":"https:\/\/allotaxihorizon.fr\/blog\/wp-json\/wp\/v2\/comments?post=102"}],"version-history":[{"count":2,"href":"https:\/\/allotaxihorizon.fr\/blog\/wp-json\/wp\/v2\/posts\/102\/revisions"}],"predecessor-version":[{"id":181,"href":"https:\/\/allotaxihorizon.fr\/blog\/wp-json\/wp\/v2\/posts\/102\/revisions\/181"}],"wp:featuredmedia":[{"embeddable":true,"href":"https:\/\/allotaxihorizon.fr\/blog\/wp-json\/wp\/v2\/media\/178"}],"wp:attachment":[{"href":"https:\/\/allotaxihorizon.fr\/blog\/wp-json\/wp\/v2\/media?parent=102"}],"wp:term":[{"taxonomy":"category","embeddable":true,"href":"https:\/\/allotaxihorizon.fr\/blog\/wp-json\/wp\/v2\/categories?post=102"},{"taxonomy":"post_tag","embeddable":true,"href":"https:\/\/allotaxihorizon.fr\/blog\/wp-json\/wp\/v2\/tags?post=102"}],"curies":[{"name":"wp","href":"https:\/\/api.w.org\/{rel}","templated":true}]}}