{"id":195,"date":"2026-08-16T22:16:29","date_gmt":"2026-08-16T22:16:29","guid":{"rendered":"https:\/\/allotaxihorizon.fr\/blog\/twingo-electrique-autonomie\/"},"modified":"2026-08-17T10:58:44","modified_gmt":"2026-08-17T10:58:44","slug":"twingo-electrique-autonomie","status":"publish","type":"post","link":"https:\/\/allotaxihorizon.fr\/blog\/twingo-electrique-autonomie\/","title":{"rendered":"Twingo \u00e9lectrique : autonomie r\u00e9elle, recharge et usage urbain"},"content":{"rendered":"<p class=\"wp-block-paragraph\">La Twingo \u00e9lectrique annonc\u00e9e pour 2026 vise d\u2019abord les trajets courts, r\u00e9guliers et pr\u00e9visibles. Sa batterie lithium-ion LFP de 27,5 kWh, son autonomie WLTP de 263 km et sa recharge rapide limit\u00e9e \u00e0 50 kW dessinent un usage pr\u00e9cis : ville, p\u00e9riph\u00e9rie et d\u00e9placements quotidiens, plut\u00f4t que grands parcours autoroutiers.<\/p>\n\n<p class=\"wp-block-paragraph\"><strong>En bref<\/strong><\/p>\n\n<ul class=\"wp-block-list\"><li>La Twingo \u00e9lectrique revendique jusqu\u2019\u00e0 <strong>263 km WLTP<\/strong> avec une batterie de 27,5 kWh, selon les donn\u00e9es techniques Renault communiqu\u00e9es pour 2026.<\/li><li>L\u2019autonomie r\u00e9elle d\u00e9pend surtout de la vitesse, de la temp\u00e9rature, du chauffage et du diam\u00e8tre des roues.<\/li><li>La recharge rapide de 50 kW est propos\u00e9e en option et permettrait de passer de 15 % \u00e0 80 % en <strong>28 minutes<\/strong>, selon Renault.<\/li><li>Une recharge \u00e0 domicile ou sur borne AC reste la solution la moins co\u00fbteuse pour un usage urbain quotidien.<\/li><li>La batterie LFP est con\u00e7ue pour mieux supporter le vieillissement, avec une garantie \u00e0 v\u00e9rifier dans le contrat remis lors de la commande.<\/li><\/ul>\n\n<div id=\"ez-toc-container\" class=\"ez-toc-v2_0_87 counter-hierarchy ez-toc-counter ez-toc-grey ez-toc-container-direction\">\n<div class=\"ez-toc-title-container\">\n<p class=\"ez-toc-title\" style=\"cursor:inherit\">Sommaire<\/p>\n<span class=\"ez-toc-title-toggle\"><a href=\"#\" class=\"ez-toc-pull-right ez-toc-btn ez-toc-btn-xs ez-toc-btn-default ez-toc-toggle\" aria-label=\"Toggle Table of Content\"><span class=\"ez-toc-js-icon-con\"><span class=\"\"><span class=\"eztoc-hide\" style=\"display:none;\">Toggle<\/span><span class=\"ez-toc-icon-toggle-span\"><svg style=\"fill: #999;color:#999\" xmlns=\"http:\/\/www.w3.org\/2000\/svg\" class=\"list-377408\" width=\"20px\" height=\"20px\" viewBox=\"0 0 24 24\" fill=\"none\"><path d=\"M6 6H4v2h2V6zm14 0H8v2h12V6zM4 11h2v2H4v-2zm16 0H8v2h12v-2zM4 16h2v2H4v-2zm16 0H8v2h12v-2z\" fill=\"currentColor\"><\/path><\/svg><svg style=\"fill: #999;color:#999\" class=\"arrow-unsorted-368013\" xmlns=\"http:\/\/www.w3.org\/2000\/svg\" width=\"10px\" height=\"10px\" viewBox=\"0 0 24 24\" version=\"1.2\" baseProfile=\"tiny\"><path d=\"M18.2 9.3l-6.2-6.3-6.2 6.3c-.2.2-.3.4-.3.7s.1.5.3.7c.2.2.4.3.7.3h11c.3 0 .5-.1.7-.3.2-.2.3-.5.3-.7s-.1-.5-.3-.7zM5.8 14.7l6.2 6.3 6.2-6.3c.2-.2.3-.5.3-.7s-.1-.5-.3-.7c-.2-.2-.4-.3-.7-.3h-11c-.3 0-.5.1-.7.3-.2.2-.3.5-.3.7s.1.5.3.7z\"\/><\/svg><\/span><\/span><\/span><\/a><\/span><\/div>\n<nav><ul class='ez-toc-list ez-toc-list-level-1 eztoc-toggle-hide-by-default' ><li class='ez-toc-page-1 ez-toc-heading-level-2'><a class=\"ez-toc-link ez-toc-heading-1\" href=\"https:\/\/allotaxihorizon.fr\/blog\/twingo-electrique-autonomie\/#Autonomie_reelle_de_la_Twingo_electrique_en_ville_sur_route_et_par_temps_froid\" >Autonomie r\u00e9elle de la Twingo \u00e9lectrique en ville, sur route et par temps froid<\/a><\/li><li class='ez-toc-page-1 ez-toc-heading-level-2'><a class=\"ez-toc-link ez-toc-heading-2\" href=\"https:\/\/allotaxihorizon.fr\/blog\/twingo-electrique-autonomie\/#Recharge_de_la_Twingo_electrique_temps_puissances_et_cout_a_prevoir\" >Recharge de la Twingo \u00e9lectrique : temps, puissances et co\u00fbt \u00e0 pr\u00e9voir<\/a><\/li><li class='ez-toc-page-1 ez-toc-heading-level-2'><a class=\"ez-toc-link ez-toc-heading-3\" href=\"https:\/\/allotaxihorizon.fr\/blog\/twingo-electrique-autonomie\/#Usage_urbain_de_la_Twingo_electrique_distances_quotidiennes_et_contraintes_reelles\" >Usage urbain de la Twingo \u00e9lectrique : distances quotidiennes et contraintes r\u00e9elles<\/a><\/li><li class='ez-toc-page-1 ez-toc-heading-level-2'><a class=\"ez-toc-link ez-toc-heading-4\" href=\"https:\/\/allotaxihorizon.fr\/blog\/twingo-electrique-autonomie\/#Batterie_lithium-ion_LFP_de_la_Twingo_electrique_duree_de_vie_et_precautions\" >Batterie lithium-ion LFP de la Twingo \u00e9lectrique : dur\u00e9e de vie et pr\u00e9cautions<\/a><\/li><li class='ez-toc-page-1 ez-toc-heading-level-2'><a class=\"ez-toc-link ez-toc-heading-5\" href=\"https:\/\/allotaxihorizon.fr\/blog\/twingo-electrique-autonomie\/#Prix_de_la_Twingo_electrique_et_budget_dachat_face_aux_autres_citadines\" >Prix de la Twingo \u00e9lectrique et budget d\u2019achat face aux autres citadines<\/a><\/li><\/ul><\/nav><\/div>\n<h2 class=\"wp-block-heading\"><span class=\"ez-toc-section\" id=\"Autonomie_reelle_de_la_Twingo_electrique_en_ville_sur_route_et_par_temps_froid\"><\/span>Autonomie r\u00e9elle de la Twingo \u00e9lectrique en ville, sur route et par temps froid<span class=\"ez-toc-section-end\"><\/span><\/h2>\n\n<p class=\"wp-block-paragraph\">La valeur de <strong>263 km<\/strong> correspond au cycle d\u2019homologation WLTP, une m\u00e9thode europ\u00e9enne qui permet de comparer les v\u00e9hicules entre eux. Ce chiffre ne constitue pas une promesse de distance identique en toutes circonstances. Il repose sur un cycle combinant ville, route et voies rapides, dans des conditions encadr\u00e9es. Pour organiser vos d\u00e9placements, il faut plut\u00f4t regarder l\u2019\u00e9nergie disponible, la consommation constat\u00e9e et la vitesse moyenne de vos trajets.<\/p>\n\n<p class=\"wp-block-paragraph\">Avec une capacit\u00e9 utile proche de 27,5 kWh, une consommation de 10 kWh aux 100 km permet th\u00e9oriquement de parcourir environ 275 km. Une consommation de 15 kWh aux 100 km ram\u00e8ne cette distance \u00e0 environ 183 km. La diff\u00e9rence vient rarement d\u2019un seul facteur. Le chauffage, les acc\u00e9l\u00e9rations r\u00e9p\u00e9t\u00e9es, les pneus sous-gonfl\u00e9s, le vent ou une voie rapide parcourue \u00e0 vitesse soutenue font monter la consommation.<\/p>\n\n<p class=\"wp-block-paragraph\">Les relev\u00e9s communiqu\u00e9s dans les donn\u00e9es d\u2019essai disponibles font appara\u00eetre 10,6 kWh aux 100 km en circulation tr\u00e8s urbaine, soit une autonomie calcul\u00e9e autour de 258 km. Un parcours p\u00e9riurbain stabilis\u00e9 \u00e0 vitesse mod\u00e9r\u00e9e a affich\u00e9 9,1 kWh aux 100 km, ce qui donnerait plus de 300 km sur le papier. Cette derni\u00e8re valeur ne doit pas \u00eatre transpos\u00e9e \u00e0 un itin\u00e9raire quotidien sans r\u00e9serve : elle suppose des conditions favorables, une vitesse r\u00e9guli\u00e8re et peu de chauffage.<\/p>\n\n<p class=\"wp-block-paragraph\">La Twingo \u00e9lectrique est compacte et agile, avec 3,789 m\u00e8tres de long selon les donn\u00e9es techniques communiqu\u00e9es. Cette dimension compte davantage que la puissance sur les trajets de centre-ville. Elle facilite les cr\u00e9neaux, les demi-tours et la circulation dans les rues \u00e9troites. Le moteur de 60 kW, soit environ 80 \u00e0 82 ch selon la pr\u00e9sentation retenue, r\u00e9pond aux besoins des d\u00e9marrages et des insertions urbaines sans transformer cette citadine en voiture de grands axes.<\/p>\n\n<p class=\"wp-block-paragraph\">Le froid reste la variable qui surprend le plus souvent. Une temp\u00e9rature ext\u00e9rieure de 6 \u00b0C peut faire baisser fortement l\u2019autonomie affich\u00e9e au d\u00e9part, en particulier apr\u00e8s une nuit de stationnement. La batterie doit alors atteindre sa temp\u00e9rature de fonctionnement et l\u2019habitacle consomme de l\u2019\u00e9lectricit\u00e9 pour \u00eatre chauff\u00e9. Il est plus prudent de pr\u00e9voir une marge de 20 % \u00e0 30 % sur l\u2019autonomie WLTP lors des p\u00e9riodes froides, surtout lorsque le trajet comporte une voie rapide.<\/p>\n\n<h3 class=\"wp-block-heading\">Le diam\u00e8tre des jantes modifie la distance disponible<\/h3>\n\n<p class=\"wp-block-paragraph\">Les roues de 16 pouces favorisent la sobri\u00e9t\u00e9 \u00e9nerg\u00e9tique par rapport aux jantes de 18 pouces. Les donn\u00e9es fournies indiquent un \u00e9cart pouvant atteindre environ 8 km d\u2019autonomie WLTP. Ce n\u2019est pas un d\u00e9tail pour un v\u00e9hicule dont la batterie reste volontairement contenue. Avant de choisir une option esth\u00e9tique, v\u00e9rifiez sa cons\u00e9quence sur la consommation homologu\u00e9e et sur le prix final.<\/p>\n\n<p class=\"wp-block-paragraph\">Le tableau ci-dessous traduit les chiffres disponibles en ordres de grandeur d\u2019usage. Les distances r\u00e9elles ne peuvent pas \u00eatre garanties : elles \u00e9voluent selon votre conduite, le relief, la m\u00e9t\u00e9o, la charge transport\u00e9e et l\u2019\u00e9tat de l\u2019infrastructure de recharge disponible sur votre itin\u00e9raire.<\/p>\n\n<figure class=\"wp-block-table\"><table>\n<thead>\n<tr>\n<th>Situation de conduite<\/th>\n<th>Consommation indicative en 2026<\/th>\n<th>Autonomie calcul\u00e9e avec 27,5 kWh<\/th>\n<th>Variable principale<\/th>\n<\/tr>\n<\/thead>\n<tbody>\n<tr>\n<td>Ville fluide<\/td>\n<td>10,6 kWh\/100 km<\/td>\n<td>Environ 258 km<\/td>\n<td>Arr\u00eats fr\u00e9quents et r\u00e9cup\u00e9ration d\u2019\u00e9nergie<\/td>\n<\/tr>\n<tr>\n<td>P\u00e9riurbain stabilis\u00e9<\/td>\n<td>9,1 kWh\/100 km<\/td>\n<td>Environ 302 km th\u00e9oriques<\/td>\n<td>Vitesse constante et temp\u00e9rature douce<\/td>\n<\/tr>\n<tr>\n<td>Usage mixte courant<\/td>\n<td>12 \u00e0 15 kWh\/100 km<\/td>\n<td>Environ 183 \u00e0 229 km<\/td>\n<td>Vitesse, chauffage et relief<\/td>\n<\/tr>\n<tr>\n<td>Voie rapide par temps froid<\/td>\n<td>Sup\u00e9rieure \u00e0 15 kWh\/100 km<\/td>\n<td>Inf\u00e9rieure \u00e0 180 km<\/td>\n<td>Chauffage et r\u00e9sistance de l\u2019air<\/td>\n<\/tr>\n<\/tbody>\n<\/table><\/figure>\n\n<p class=\"wp-block-paragraph\">Pour un aller-retour de 40 km par jour, une autonomie r\u00e9elle comprise entre 180 et 220 km repr\u00e9sente quatre \u00e0 cinq jours de d\u00e9placements sans recharge. Cette cadence correspond \u00e0 un usage urbain courant, \u00e0 condition de disposer d\u2019une prise \u00e0 domicile, au travail ou \u00e0 proximit\u00e9. L\u2019autonomie utile n\u2019est donc pas seulement un chiffre affich\u00e9 au tableau de bord : elle d\u00e9pend du nombre de kilom\u00e8tres r\u00e9ellement parcourus entre deux acc\u00e8s \u00e0 une borne.<\/p>\n\n\n\n<figure class=\"wp-block-image size-large\"><img loading=\"lazy\" decoding=\"async\" width=\"1536\" height=\"1024\" src=\"https:\/\/allotaxihorizon.fr\/blog\/wp-content\/uploads\/2026\/08\/cable-recharge-voiture-electrique-prise-connecteur.jpg\" alt=\"C\u00e2ble de recharge branch\u00e9 sur une voiture \u00e9lectrique urbaine\" class=\"wp-image-198\" srcset=\"https:\/\/allotaxihorizon.fr\/blog\/wp-content\/uploads\/2026\/08\/cable-recharge-voiture-electrique-prise-connecteur.jpg 1536w, https:\/\/allotaxihorizon.fr\/blog\/wp-content\/uploads\/2026\/08\/cable-recharge-voiture-electrique-prise-connecteur-300x200.jpg 300w, https:\/\/allotaxihorizon.fr\/blog\/wp-content\/uploads\/2026\/08\/cable-recharge-voiture-electrique-prise-connecteur-1024x683.jpg 1024w, https:\/\/allotaxihorizon.fr\/blog\/wp-content\/uploads\/2026\/08\/cable-recharge-voiture-electrique-prise-connecteur-768x512.jpg 768w\" sizes=\"auto, (max-width: 1536px) 100vw, 1536px\" \/><figcaption class=\"wp-element-caption\">Illustration g\u00e9n\u00e9r\u00e9e par intelligence artificielle.<\/figcaption><\/figure>\n\n<h2 class=\"wp-block-heading\"><span class=\"ez-toc-section\" id=\"Recharge_de_la_Twingo_electrique_temps_puissances_et_cout_a_prevoir\"><\/span>Recharge de la Twingo \u00e9lectrique : temps, puissances et co\u00fbt \u00e0 pr\u00e9voir<span class=\"ez-toc-section-end\"><\/span><\/h2>\n\n<p class=\"wp-block-paragraph\">La recharge ne se pr\u00e9pare pas de la m\u00eame fa\u00e7on selon que vous disposez d\u2019une prise priv\u00e9e ou que vous d\u00e9pendez des bornes ouvertes au public. La version d\u00e9crite dans les donn\u00e9es 2026 re\u00e7oit de s\u00e9rie un chargeur embarqu\u00e9 de 6,6 kW. Une option \u00e0 11 kW, annonc\u00e9e \u00e0 500 euros dans les \u00e9l\u00e9ments communiqu\u00e9s, permet aussi l\u2019acc\u00e8s \u00e0 la recharge rapide en courant continu jusqu\u2019\u00e0 50 kW. V\u00e9rifiez cette configuration sur le bon de commande : une voiture sans cette option ne r\u00e9cup\u00e9rera pas l\u2019\u00e9nergie \u00e0 la m\u00eame vitesse sur une borne publique.<\/p>\n\n<p class=\"wp-block-paragraph\">Sur une borne AC de 6,6 kW, Renault annonce une recharge de 10 % \u00e0 100 % en un peu plus de quatre heures. Sur une borne AC de 11 kW, la dur\u00e9e d\u00e9pendra toutefois de la puissance que la voiture accepte r\u00e9ellement et du partage de puissance \u00e9ventuel entre plusieurs v\u00e9hicules. Une borne signal\u00e9e \u00e0 22 kW ne signifie pas qu\u2019une citadine chargera automatiquement \u00e0 22 kW. La puissance retenue est toujours celle du maillon le plus faible entre la borne, le c\u00e2ble et le chargeur embarqu\u00e9.<\/p>\n\n<p class=\"wp-block-paragraph\">La recharge rapide \u00e0 50 kW r\u00e9pond \u00e0 un besoin diff\u00e9rent. Renault annonce un passage de 15 % \u00e0 80 % en <strong>28 minutes<\/strong> dans des conditions favorables. Cette dur\u00e9e doit \u00eatre lue comme un rep\u00e8re et non comme un engagement horaire. Une batterie froide, une borne occup\u00e9e ou limit\u00e9e, une puissance qui baisse au-del\u00e0 de 70 % ou 80 %, et un pr\u00e9conditionnement absent peuvent prolonger l\u2019arr\u00eat.<\/p>\n\n<p class=\"wp-block-paragraph\">Sur route, il est rarement utile de viser 100 % sur une borne rapide. La charge ralentit g\u00e9n\u00e9ralement lorsque la batterie approche de son plein niveau. Un arr\u00eat entre 15 % et 80 % donne souvent plus de kilom\u00e8tres r\u00e9cup\u00e9r\u00e9s par minute pass\u00e9e \u00e0 la borne. Cette r\u00e8gle ne dispense pas de consulter l\u2019\u00e9tat r\u00e9el des stations avant le d\u00e9part. Les applications des op\u00e9rateurs et les plateformes de localisation indiquent les connecteurs, la puissance disponible, le tarif et parfois les pannes signal\u00e9es.<\/p>\n\n<h3 class=\"wp-block-heading\">Le co\u00fbt d\u2019utilisation d\u00e9pend d\u2019abord du lieu de branchement<\/h3>\n\n<p class=\"wp-block-paragraph\">Le co\u00fbt d\u2019utilisation d\u2019une voiture \u00e9lectrique se calcule en euros par kWh, pas avec un tarif unique national. \u00c0 domicile, le prix d\u00e9pend de votre contrat d\u2019\u00e9lectricit\u00e9 et de la plage tarifaire choisie. Sur une borne publique, le montant peut inclure le kWh, la minute de branchement, des frais de stationnement ou une p\u00e9nalit\u00e9 lorsque le v\u00e9hicule reste connect\u00e9 apr\u00e8s la fin de charge.<\/p>\n\n<p class=\"wp-block-paragraph\">Pour \u00e9tablir un budget, prenez votre prix TTC du kWh sur la facture et multipliez-le par l\u2019\u00e9nergie ajout\u00e9e. Avec une batterie de 27,5 kWh, une recharge compl\u00e8te depuis presque z\u00e9ro repr\u00e9sentera un peu plus de 27,5 kWh pr\u00e9lev\u00e9s au compteur, car il existe des pertes de recharge. \u00c0 0,20 euro par kWh, l\u2019\u00e9nergie seule se situe autour de 5,50 euros avant pertes. \u00c0 0,40 euro par kWh sur une borne publique, elle se rapproche de 11 euros. Ces montants sont des calculs, non des tarifs r\u00e9glement\u00e9s.<\/p>\n\n<ul class=\"wp-block-list\"><li>Rep\u00e9rez la puissance maximale accept\u00e9e par votre Twingo \u00e9lectrique avant de choisir une borne.<\/li><li>Conservez un c\u00e2ble adapt\u00e9 aux prises AC que vous utilisez habituellement.<\/li><li>Contr\u00f4lez le tarif affich\u00e9 dans l\u2019application avant de lancer la session.<\/li><li>\u00c9vitez de laisser le v\u00e9hicule branch\u00e9 apr\u00e8s la fin de charge lorsque l\u2019op\u00e9rateur facture l\u2019occupation.<\/li><li>Privil\u00e9giez la recharge lente lorsque la voiture reste stationn\u00e9e plusieurs heures.<\/li><\/ul>\n\n<p class=\"wp-block-paragraph\">L\u2019infrastructure de recharge ne se r\u00e9sume donc pas au nombre de bornes visibles sur une carte. Il faut v\u00e9rifier la compatibilit\u00e9 des prises, la puissance r\u00e9ellement d\u00e9livr\u00e9e, l\u2019\u00e9tat de fonctionnement et le mode de facturation. Pour une voiture destin\u00e9e \u00e0 la mobilit\u00e9 \u00e9lectrique quotidienne, une prise accessible chaque nuit vaut souvent davantage qu\u2019une borne rapide situ\u00e9e \u00e0 plusieurs kilom\u00e8tres.<\/p>\n\n<figure class=\"is-provider-youtube is-type-video wp-block-embed wp-block-embed-youtube wp-embed-aspect-16-9 wp-has-aspect-ratio\"><div class=\"wp-block-embed__wrapper\">\n<iframe loading=\"lazy\" title=\"Je suis COL\u00c8RE contre cette Renault TWINGO \u00c9LECTRIQUE !\" width=\"500\" height=\"281\" src=\"https:\/\/www.youtube.com\/embed\/XjexSFT64OQ?feature=oembed\" frameborder=\"0\" allow=\"accelerometer; autoplay; clipboard-write; encrypted-media; gyroscope; picture-in-picture; web-share\" referrerpolicy=\"strict-origin-when-cross-origin\" allowfullscreen><\/iframe>\n<\/div><\/figure>\n\n<h2 class=\"wp-block-heading\"><span class=\"ez-toc-section\" id=\"Usage_urbain_de_la_Twingo_electrique_distances_quotidiennes_et_contraintes_reelles\"><\/span>Usage urbain de la Twingo \u00e9lectrique : distances quotidiennes et contraintes r\u00e9elles<span class=\"ez-toc-section-end\"><\/span><\/h2>\n\n<p class=\"wp-block-paragraph\">La Twingo \u00e9lectrique s\u2019adresse aux conducteurs qui parcourent des distances r\u00e9p\u00e9titives : travail, courses, rendez-vous, \u00e9cole, gare ou d\u00e9placements de quartier. Renault communique sur une moyenne d\u2019environ 35 km par jour pour ce type de v\u00e9hicule. Avec ce rythme, m\u00eame une autonomie r\u00e9elle prudente de 180 km laisse plusieurs jours entre deux recharges. Cette marge diminue si le v\u00e9hicule doit assurer chaque semaine un trajet autoroutier ou plusieurs d\u00e9placements \u00e9loign\u00e9s sans possibilit\u00e9 de branchement.<\/p>\n\n<p class=\"wp-block-paragraph\">La circulation urbaine favorise g\u00e9n\u00e9ralement une petite \u00e9lectrique. Les phases de ralentissement permettent de r\u00e9cup\u00e9rer une partie de l\u2019\u00e9nergie par freinage r\u00e9g\u00e9n\u00e9ratif. Les palettes de r\u00e9cup\u00e9ration, pr\u00e9sentes selon les finitions, permettent d\u2019adapter la d\u00e9c\u00e9l\u00e9ration. Le niveau le plus marqu\u00e9 peut aller jusqu\u2019\u00e0 l\u2019arr\u00eat du v\u00e9hicule, mais il ne remplace pas l\u2019attention port\u00e9e aux usagers vuln\u00e9rables ni le respect des distances de s\u00e9curit\u00e9.<\/p>\n\n<p class=\"wp-block-paragraph\">La mobilit\u00e9 \u00e9lectrique est particuli\u00e8rement coh\u00e9rente lorsque les kilom\u00e8tres sont courts et que les arr\u00eats sont nombreux. Une voiture thermique consomme beaucoup lors des d\u00e9marrages \u00e0 froid et des parcours de quelques kilom\u00e8tres. Une citadine \u00e9lectrique ne produit pas d\u2019\u00e9mission \u00e0 l\u2019\u00e9chappement pendant son d\u00e9placement, ce qui r\u00e9pond aux objectifs d\u2019\u00e9cologie urbaine dans les zones o\u00f9 les polluants locaux et le bruit restent des pr\u00e9occupations concr\u00e8tes.<\/p>\n\n<p class=\"wp-block-paragraph\">Cette caract\u00e9ristique ne signifie pas que tous les usages sont identiques. L\u2019\u00e9lectricit\u00e9 consomm\u00e9e d\u00e9pend du mix de production, la fabrication de la batterie a un impact environnemental, et les pneus comme les freins doivent toujours \u00eatre entretenus. La comparaison utile consiste \u00e0 regarder vos kilom\u00e8tres annuels, votre acc\u00e8s \u00e0 la recharge et vos besoins r\u00e9els de transport, sans attribuer \u00e0 une petite citadine des missions de voiture familiale de long parcours.<\/p>\n\n<h3 class=\"wp-block-heading\">Les grands axes demandent une pr\u00e9paration plus stricte<\/h3>\n\n<p class=\"wp-block-paragraph\">\u00c0 110 ou 130 km\/h, la r\u00e9sistance de l\u2019air augmente fortement. Une petite batterie se vide alors beaucoup plus vite qu\u2019en ville. Le moteur de 80 ch suffit \u00e0 maintenir une vitesse autoris\u00e9e, mais l\u2019autonomie r\u00e9elle se r\u00e9duit et les pauses deviennent fr\u00e9quentes. Le v\u00e9hicule peut emprunter l\u2019autoroute occasionnellement, mais il ne faut pas l\u2019acheter sur la seule base d\u2019un trajet annuel de vacances ou d\u2019un d\u00e9placement professionnel de plusieurs centaines de kilom\u00e8tres.<\/p>\n\n<p class=\"wp-block-paragraph\">Le trajet doit \u00eatre pr\u00e9par\u00e9 dans l\u2019ordre. Commencez par relever la distance totale et la part d\u2019autoroute. Regardez ensuite la borne disponible pr\u00e8s de votre destination, puis pr\u00e9voyez une station de repli. Enfin, partez avec une marge de batterie qui tient compte de la m\u00e9t\u00e9o. Cette m\u00e9thode \u00e9vite de d\u00e9cider \u00e0 la derni\u00e8re minute sur une aire o\u00f9 toutes les prises sont occup\u00e9es.<\/p>\n\n<p class=\"wp-block-paragraph\">La puissance mod\u00e9r\u00e9e de recharge rapide, plafonn\u00e9e \u00e0 50 kW, allonge les arr\u00eats par rapport \u00e0 des v\u00e9hicules capables d\u2019accepter 100 kW ou davantage. Ce n\u2019est pas un d\u00e9faut pour les trajets de proximit\u00e9. Cela devient une contrainte lorsque vous devez r\u00e9p\u00e9ter plusieurs charges dans la m\u00eame journ\u00e9e. La coh\u00e9rence du choix repose donc sur votre semaine ordinaire, et non sur le meilleur chiffre d\u2019autonomie affich\u00e9 par une brochure.<\/p>\n\n<p class=\"wp-block-paragraph\">La visibilit\u00e9 m\u00e9rite aussi un contr\u00f4le lors d\u2019un essai statique. Les montants de pare-brise peuvent g\u00eaner certains angles de vision, surtout dans les carrefours urbains. Les aides \u00e0 la conduite annonc\u00e9es sur certaines finitions ne dispensent pas de r\u00e9gler si\u00e8ge, r\u00e9troviseurs et volant avant de circuler. Une voiture compacte facilite le stationnement, mais la s\u00e9curit\u00e9 d\u00e9pend toujours de la position de conduite et de l\u2019attention du conducteur.<\/p>\n\n<p class=\"wp-block-paragraph\">Une citadine \u00e9lectrique r\u00e9pond donc bien \u00e0 un foyer qui peut la recharger l\u00e0 o\u00f9 elle stationne et qui circule principalement dans un rayon compatible avec une autonomie prudente. Si la recharge d\u00e9pend exclusivement du r\u00e9seau public et qu\u2019aucune borne fiable n\u2019existe pr\u00e8s du domicile ou du travail, le temps perdu \u00e0 chercher une prise peut effacer une partie de son avantage pratique.<\/p>\n\n<figure class=\"is-provider-youtube is-type-video wp-block-embed wp-block-embed-youtube wp-embed-aspect-16-9 wp-has-aspect-ratio\"><div class=\"wp-block-embed__wrapper\">\n<iframe loading=\"lazy\" title=\"Twingo Electrique - Test autonomie \u00e0 la R\u00e9union\" width=\"500\" height=\"281\" src=\"https:\/\/www.youtube.com\/embed\/Jbbd2YWGrLc?feature=oembed\" frameborder=\"0\" allow=\"accelerometer; autoplay; clipboard-write; encrypted-media; gyroscope; picture-in-picture; web-share\" referrerpolicy=\"strict-origin-when-cross-origin\" allowfullscreen><\/iframe>\n<\/div><\/figure>\n\n<h2 class=\"wp-block-heading\"><span class=\"ez-toc-section\" id=\"Batterie_lithium-ion_LFP_de_la_Twingo_electrique_duree_de_vie_et_precautions\"><\/span>Batterie lithium-ion LFP de la Twingo \u00e9lectrique : dur\u00e9e de vie et pr\u00e9cautions<span class=\"ez-toc-section-end\"><\/span><\/h2>\n\n<p class=\"wp-block-paragraph\">La batterie lithium-ion annonc\u00e9e pour cette Twingo \u00e9lectrique utilise une chimie LFP, pour lithium-fer-phosphate. Cette technologie est r\u00e9put\u00e9e pour sa stabilit\u00e9 et sa capacit\u00e9 \u00e0 supporter un nombre \u00e9lev\u00e9 de cycles de charge. Sa densit\u00e9 \u00e9nerg\u00e9tique reste g\u00e9n\u00e9ralement moins \u00e9lev\u00e9e que celle de certaines batteries NMC, ce qui explique qu\u2019un v\u00e9hicule l\u00e9ger puisse privil\u00e9gier une capacit\u00e9 raisonnable plut\u00f4t qu\u2019une grande r\u00e9serve d\u2019\u00e9nergie.<\/p>\n\n<p class=\"wp-block-paragraph\">Les donn\u00e9es communiqu\u00e9es \u00e9voquent une dur\u00e9e d\u2019usage de 8 \u00e0 10 ans ou de 160 000 \u00e0 200 000 km dans des conditions normales. Ces valeurs d\u00e9crivent un ordre de grandeur technique. La garantie applicable est celle du contrat constructeur et de ses conditions, notamment le seuil de capacit\u00e9 garanti, la dur\u00e9e et le kilom\u00e9trage maximal. Avant signature, demandez ce document et v\u00e9rifiez si la capacit\u00e9 r\u00e9siduelle est exprim\u00e9e en pourcentage.<\/p>\n\n<p class=\"wp-block-paragraph\">Une perte de capacit\u00e9 ne signifie pas une panne totale. Une batterie peut continuer \u00e0 fonctionner tout en offrant moins de kilom\u00e8tres entre deux charges. Les donn\u00e9es LFP cit\u00e9es \u00e9voquent une d\u00e9gradation inf\u00e9rieure \u00e0 20 % apr\u00e8s huit ans dans des conditions favorables. Sur une autonomie de r\u00e9f\u00e9rence de 263 km, une baisse de 20 % repr\u00e9senterait environ 210 km homologu\u00e9s, avant prise en compte du froid ou du type de parcours.<\/p>\n\n<h3 class=\"wp-block-heading\">Les habitudes de recharge limitent l\u2019usure \u00e9vitable<\/h3>\n\n<p class=\"wp-block-paragraph\">Pour la plupart des usages, maintenir la batterie entre 20 % et 80 % r\u00e9duit le temps pass\u00e9 aux extr\u00eames de charge. Une charge \u00e0 100 % reste utile avant un trajet pr\u00e9vu, mais elle n\u2019a pas besoin d\u2019\u00eatre syst\u00e9matique si la voiture demeure immobilis\u00e9e ensuite. Les recharges rapides r\u00e9p\u00e9t\u00e9es ne d\u00e9truisent pas imm\u00e9diatement une batterie ; elles soumettent toutefois le syst\u00e8me \u00e0 davantage de chaleur et doivent rester adapt\u00e9es \u00e0 un besoin de d\u00e9placement r\u00e9el.<\/p>\n\n<p class=\"wp-block-paragraph\">Le stationnement prolong\u00e9 avec une batterie totalement vide doit \u00eatre \u00e9vit\u00e9. Il est \u00e9galement pr\u00e9f\u00e9rable de ne pas laisser le v\u00e9hicule plusieurs jours avec un niveau tr\u00e8s \u00e9lev\u00e9 lorsque cela n\u2019est pas n\u00e9cessaire. Le syst\u00e8me de gestion \u00e9lectronique surveille la temp\u00e9rature et l\u2019\u00e9quilibrage des cellules, mais il ne peut pas annuler les effets d\u2019une immobilisation longue dans une chaleur ou un froid extr\u00eames.<\/p>\n\n<p class=\"wp-block-paragraph\">Les incidents les plus courants sur les voitures \u00e9lectriques ne concernent pas toujours la batterie de traction. La batterie auxiliaire de 12 V peut provoquer des alertes ou emp\u00eacher certains syst\u00e8mes de d\u00e9marrer. Les c\u00e2bles ab\u00eem\u00e9s, une prise qui ne se verrouille pas, une trappe mal ferm\u00e9e ou un d\u00e9faut de communication avec la borne expliquent aussi de nombreux \u00e9checs de recharge. Avant d\u2019appeler l\u2019assistance, contr\u00f4lez l\u2019\u00e9tat du c\u00e2ble, le verrouillage et le message affich\u00e9 au tableau de bord.<\/p>\n\n<p class=\"wp-block-paragraph\">Les pneus exigent une surveillance r\u00e9guli\u00e8re. Le couple imm\u00e9diatement disponible d\u2019un moteur \u00e9lectrique peut acc\u00e9l\u00e9rer leur usure si les d\u00e9marrages sont brutaux. L\u2019affirmation d\u2019une usure syst\u00e9matiquement sup\u00e9rieure de 30 % ne peut pas \u00eatre appliqu\u00e9e \u00e0 tous les v\u00e9hicules : elle varie selon le pneu, la pression, la conduite et le kilom\u00e9trage. V\u00e9rifiez la pression \u00e0 froid selon les valeurs du constructeur et faites contr\u00f4ler l\u2019usure avant d\u2019atteindre les t\u00e9moins.<\/p>\n\n<p class=\"wp-block-paragraph\">Pour un d\u00e9faut r\u00e9current, conservez les photographies des alertes, les relev\u00e9s de charge et les dates d\u2019immobilisation. Contactez d\u2019abord le r\u00e9seau Renault ou l\u2019assistance pr\u00e9vue au contrat. Un litige sur une garantie, une r\u00e9paration ou une prise en charge n\u00e9cessite l\u2019examen du dossier r\u00e9el, des conditions de garantie et des factures par le service comp\u00e9tent ou, si besoin, par une association de consommateurs ou un professionnel du droit.<\/p>\n\n<h2 class=\"wp-block-heading\"><span class=\"ez-toc-section\" id=\"Prix_de_la_Twingo_electrique_et_budget_dachat_face_aux_autres_citadines\"><\/span>Prix de la Twingo \u00e9lectrique et budget d\u2019achat face aux autres citadines<span class=\"ez-toc-section-end\"><\/span><\/h2>\n\n<p class=\"wp-block-paragraph\">Les donn\u00e9es tarifaires disponibles pour 2026 pr\u00e9sentent plusieurs montants qui ne recouvrent pas n\u00e9cessairement la m\u00eame configuration ni la m\u00eame aide. Un tarif constructeur proche de 20 690 euros est indiqu\u00e9 pour une Twingo E-Tech \u00e9lectrique Evolution de 80 ch avant aide. D\u2019autres donn\u00e9es font \u00e9tat de 19 490 euros pour une finition Evolution et de 21 090 euros pour une Techno, hors subventions CEE. Seul le configurateur Renault dat\u00e9 du jour de votre commande et le bon de commande permettent de fixer le prix applicable.<\/p>\n\n<p class=\"wp-block-paragraph\">Un montant de <strong>14 510 euros<\/strong> apr\u00e8s d\u00e9duction d\u2019une prime Coup de Pouce de 6 180 euros est \u00e9galement cit\u00e9 dans les informations fournies. Cette diff\u00e9rence ne doit jamais \u00eatre consid\u00e9r\u00e9e comme automatique. Les aides \u00e0 l\u2019achat \u00e9voluent, comportent des conditions de revenus, de v\u00e9hicule, de domicile et de date de facturation. L\u2019\u00e9ligibilit\u00e9 individuelle doit \u00eatre v\u00e9rifi\u00e9e sur les sites officiels et aupr\u00e8s de l\u2019organisme qui instruit l\u2019aide, avant de b\u00e2tir un financement sur un prix remis\u00e9.<\/p>\n\n<p class=\"wp-block-paragraph\">Les jantes de 18 pouces, la peinture m\u00e9tallis\u00e9e et l\u2019option de recharge 11 kW avec courant continu \u00e0 50 kW augmentent le prix d\u2019acquisition. L\u2019option de recharge annonc\u00e9e \u00e0 500 euros peut \u00eatre coh\u00e9rente pour un conducteur qui sort r\u00e9guli\u00e8rement de son secteur habituel. Si le v\u00e9hicule est charg\u00e9 chaque nuit \u00e0 domicile et ne quitte presque jamais la ville, cette d\u00e9pense peut \u00eatre moins prioritaire qu\u2019une installation de recharge fiable.<\/p>\n\n<h3 class=\"wp-block-heading\">Le remplacement de batterie reste co\u00fbteux, mais rarement imm\u00e9diat<\/h3>\n\n<p class=\"wp-block-paragraph\">Les estimations disponibles placent le remplacement complet d\u2019une batterie compacte de 20 \u00e0 30 kWh entre <strong>10 000 et 12 000 euros<\/strong>, pi\u00e8ces et main-d\u2019\u0153uvre comprises. Il s\u2019agit d\u2019une fourchette de march\u00e9, non d\u2019un tarif Renault opposable en 2026. Le prix d\u00e9pend de la r\u00e9f\u00e9rence exacte, de la disponibilit\u00e9 des pi\u00e8ces, de la possibilit\u00e9 de r\u00e9parer un module plut\u00f4t que l\u2019ensemble et de la garantie encore active.<\/p>\n\n<p class=\"wp-block-paragraph\">Une batterie de 40 \u00e0 60 kWh se situe, selon ces m\u00eames estimations, entre 12 000 et 15 000 euros. Au-del\u00e0 de 60 kWh, le montant d\u00e9passe couramment 15 000 euros. La Twingo \u00e9lectrique se place dans la premi\u00e8re cat\u00e9gorie par sa capacit\u00e9 de 27,5 kWh. Un remplacement complet reste donc une op\u00e9ration lourde, ce qui justifie de lire attentivement la garantie et d\u2019effectuer les contr\u00f4les recommand\u00e9s lors des entretiens.<\/p>\n\n<p class=\"wp-block-paragraph\">La Dacia Spring est souvent pr\u00e9sent\u00e9e comme une porte d\u2019entr\u00e9e de la voiture \u00e9lectrique, avec un prix d\u2019appel autour de 18 000 euros selon les donn\u00e9es fournies. Sa comparaison avec la Twingo doit porter sur les \u00e9quipements, les conditions de garantie, la puissance de charge, l\u2019autonomie homologu\u00e9e, l\u2019acc\u00e8s aux aides et vos distances quotidiennes. Une diff\u00e9rence de prix d\u2019achat peut \u00eatre annul\u00e9e par une recharge publique plus ch\u00e8re ou, \u00e0 l\u2019inverse, \u00eatre justifi\u00e9e par une autonomie mieux adapt\u00e9e.<\/p>\n\n<p class=\"wp-block-paragraph\">Le co\u00fbt d\u2019utilisation ne se limite pas \u00e0 l\u2019\u00e9lectricit\u00e9. Ajoutez l\u2019assurance, les pneus, l\u2019entretien, le stationnement, le financement \u00e9ventuel et le co\u00fbt d\u2019une solution de recharge priv\u00e9e. Le cr\u00e9dit, la location avec option d\u2019achat et la location longue dur\u00e9e ob\u00e9issent \u00e0 des r\u00e8gles diff\u00e9rentes sur le kilom\u00e9trage, l\u2019\u00e9tat de restitution et les frais de fin de contrat. Lisez les conditions avant de comparer une mensualit\u00e9 : une mensualit\u00e9 basse peut cacher un premier loyer \u00e9lev\u00e9 ou un kilom\u00e9trage trop faible.<\/p>\n\n<p class=\"wp-block-paragraph\">Entre une voiture achet\u00e9e avec une aide suppos\u00e9e et une voiture configur\u00e9e avec un prix v\u00e9rifiable, retenez toujours le second montant pour votre budget. Le prix applicable est celui qui figure sur le bon de commande, avec les options, les conditions d\u2019aide et la date de livraison clairement indiqu\u00e9es.<\/p>\n\n\n<h3>Quelle autonomie r\u00e9elle peut-on attendre de la Twingo \u00e9lectrique ?<\/h3>\n<p>La r\u00e9f\u00e9rence annonc\u00e9e est de 263 km WLTP avec une batterie de 27,5 kWh. En pratique, comptez davantage en ville douce et moins sur voie rapide, par temps froid ou avec le chauffage. Une plage prudente de 180 \u00e0 220 km convient \u00e0 de nombreux usages mixtes.<\/p>\n<h3>La recharge rapide \u00e0 50 kW est-elle incluse de s\u00e9rie ?<\/h3>\n<p>Les donn\u00e9es disponibles indiquent que la recharge rapide en courant continu jusqu\u2019\u00e0 50 kW est li\u00e9e \u00e0 l\u2019option chargeur 11 kW, annonc\u00e9e \u00e0 500 euros. V\u00e9rifiez le d\u00e9tail de l\u2019\u00e9quipement sur le configurateur Renault et sur le bon de commande.<\/p>\n<h3>Combien co\u00fbte une recharge compl\u00e8te de la Twingo \u00e9lectrique ?<\/h3>\n<p>Le montant d\u00e9pend du prix du kWh et des pertes de recharge. Avec 27,5 kWh \u00e0 recharger, l\u2019\u00e9nergie repr\u00e9sente environ 5,50 euros \u00e0 0,20 euro par kWh et environ 11 euros \u00e0 0,40 euro par kWh, avant pertes \u00e9ventuelles et frais de borne.<\/p>\n<h3>Combien de temps dure la batterie LFP ?<\/h3>\n<p>Les donn\u00e9es techniques \u00e9voquent 8 \u00e0 10 ans ou 160 000 \u00e0 200 000 km dans des conditions normales. La dur\u00e9e et le seuil de capacit\u00e9 couverts d\u00e9pendent toutefois de la garantie Renault applicable au v\u00e9hicule achet\u00e9.<\/p>\n\n","protected":false},"excerpt":{"rendered":"<p>La Twingo \u00e9lectrique annonc\u00e9e pour 2026 vise d\u2019abord les trajets courts, r\u00e9guliers et pr\u00e9visibles. Sa batterie lithium-ion LFP de 27,5 kWh, son autonomie WLTP de 263 km et sa recharge rapide limit\u00e9e \u00e0 50 kW dessinent un usage pr\u00e9cis : ville, p\u00e9riph\u00e9rie et d\u00e9placements quotidiens, plut\u00f4t que grands parcours autoroutiers. En bref Autonomie r\u00e9elle de [&hellip;]<\/p>\n","protected":false},"author":1,"featured_media":197,"comment_status":"open","ping_status":"closed","sticky":false,"template":"","format":"standard","meta":{"footnotes":""},"categories":[19],"tags":[],"class_list":["post-195","post","type-post","status-publish","format-standard","has-post-thumbnail","hentry","category-mobilites-douces-electrique"],"_links":{"self":[{"href":"https:\/\/allotaxihorizon.fr\/blog\/wp-json\/wp\/v2\/posts\/195","targetHints":{"allow":["GET"]}}],"collection":[{"href":"https:\/\/allotaxihorizon.fr\/blog\/wp-json\/wp\/v2\/posts"}],"about":[{"href":"https:\/\/allotaxihorizon.fr\/blog\/wp-json\/wp\/v2\/types\/post"}],"author":[{"embeddable":true,"href":"https:\/\/allotaxihorizon.fr\/blog\/wp-json\/wp\/v2\/users\/1"}],"replies":[{"embeddable":true,"href":"https:\/\/allotaxihorizon.fr\/blog\/wp-json\/wp\/v2\/comments?post=195"}],"version-history":[{"count":2,"href":"https:\/\/allotaxihorizon.fr\/blog\/wp-json\/wp\/v2\/posts\/195\/revisions"}],"predecessor-version":[{"id":200,"href":"https:\/\/allotaxihorizon.fr\/blog\/wp-json\/wp\/v2\/posts\/195\/revisions\/200"}],"wp:featuredmedia":[{"embeddable":true,"href":"https:\/\/allotaxihorizon.fr\/blog\/wp-json\/wp\/v2\/media\/197"}],"wp:attachment":[{"href":"https:\/\/allotaxihorizon.fr\/blog\/wp-json\/wp\/v2\/media?parent=195"}],"wp:term":[{"taxonomy":"category","embeddable":true,"href":"https:\/\/allotaxihorizon.fr\/blog\/wp-json\/wp\/v2\/categories?post=195"},{"taxonomy":"post_tag","embeddable":true,"href":"https:\/\/allotaxihorizon.fr\/blog\/wp-json\/wp\/v2\/tags?post=195"}],"curies":[{"name":"wp","href":"https:\/\/api.w.org\/{rel}","templated":true}]}}