{"id":260,"date":"2026-08-23T21:32:53","date_gmt":"2026-08-23T21:32:53","guid":{"rendered":"https:\/\/allotaxihorizon.fr\/blog\/seat-ateca-motorisations\/"},"modified":"2026-08-24T09:41:18","modified_gmt":"2026-08-24T09:41:18","slug":"seat-ateca-motorisations","status":"publish","type":"post","link":"https:\/\/allotaxihorizon.fr\/blog\/seat-ateca-motorisations\/","title":{"rendered":"Seat Ateca : motorisations, dimensions et fiabilit\u00e9"},"content":{"rendered":"<p class=\"wp-block-paragraph\"><strong>En bref<\/strong><\/p>\n\n<ul class=\"wp-block-list\"><li>Le Seat Ateca est un <strong>SUV compact<\/strong> lanc\u00e9 en 2016 et restyl\u00e9 en 2020, construit sur la plateforme MQB partag\u00e9e avec plusieurs mod\u00e8les du groupe Volkswagen.<\/li><li>Ses dimensions restent adapt\u00e9es \u00e0 un usage familial, avec un coffre de 510 litres sur les versions \u00e0 deux roues motrices.<\/li><li>Le 1.5 TSI de 150 ch convient \u00e0 un usage mixte, tandis que le 2.0 TDI 150 ch garde un int\u00e9r\u00eat pour les trajets routiers fr\u00e9quents.<\/li><li>La fiabilit\u00e9 est globalement correcte, sous r\u00e9serve de contr\u00f4ler le refroidissement, la bo\u00eete DSG, la d\u00e9pollution diesel et les \u00e9quipements \u00e9lectroniques.<\/li><li>Le prix neuf d\u00e9marre autour de <strong>32 000 \u20ac<\/strong> selon le catalogue Seat France 2026, mais l\u2019\u00e9tat et l\u2019historique priment largement pour un achat d\u2019occasion.<\/li><\/ul>\n\n<div id=\"ez-toc-container\" class=\"ez-toc-v2_0_87 counter-hierarchy ez-toc-counter ez-toc-grey ez-toc-container-direction\">\n<div class=\"ez-toc-title-container\">\n<p class=\"ez-toc-title\" style=\"cursor:inherit\">Sommaire<\/p>\n<span class=\"ez-toc-title-toggle\"><a href=\"#\" class=\"ez-toc-pull-right ez-toc-btn ez-toc-btn-xs ez-toc-btn-default ez-toc-toggle\" aria-label=\"Toggle Table of Content\"><span class=\"ez-toc-js-icon-con\"><span class=\"\"><span class=\"eztoc-hide\" style=\"display:none;\">Toggle<\/span><span class=\"ez-toc-icon-toggle-span\"><svg style=\"fill: #999;color:#999\" xmlns=\"http:\/\/www.w3.org\/2000\/svg\" class=\"list-377408\" width=\"20px\" height=\"20px\" viewBox=\"0 0 24 24\" fill=\"none\"><path d=\"M6 6H4v2h2V6zm14 0H8v2h12V6zM4 11h2v2H4v-2zm16 0H8v2h12v-2zM4 16h2v2H4v-2zm16 0H8v2h12v-2z\" fill=\"currentColor\"><\/path><\/svg><svg style=\"fill: #999;color:#999\" class=\"arrow-unsorted-368013\" xmlns=\"http:\/\/www.w3.org\/2000\/svg\" width=\"10px\" height=\"10px\" viewBox=\"0 0 24 24\" version=\"1.2\" baseProfile=\"tiny\"><path d=\"M18.2 9.3l-6.2-6.3-6.2 6.3c-.2.2-.3.4-.3.7s.1.5.3.7c.2.2.4.3.7.3h11c.3 0 .5-.1.7-.3.2-.2.3-.5.3-.7s-.1-.5-.3-.7zM5.8 14.7l6.2 6.3 6.2-6.3c.2-.2.3-.5.3-.7s-.1-.5-.3-.7c-.2-.2-.4-.3-.7-.3h-11c-.3 0-.5.1-.7.3-.2.2-.3.5-.3.7s.1.5.3.7z\"\/><\/svg><\/span><\/span><\/span><\/a><\/span><\/div>\n<nav><ul class='ez-toc-list ez-toc-list-level-1 eztoc-toggle-hide-by-default' ><li class='ez-toc-page-1 ez-toc-heading-level-2'><a class=\"ez-toc-link ez-toc-heading-1\" href=\"https:\/\/allotaxihorizon.fr\/blog\/seat-ateca-motorisations\/#Seat_Ateca_dimensions_coffre_et_place_dans_la_categorie_des_SUV_compacts\" >Seat Ateca : dimensions, coffre et place dans la cat\u00e9gorie des SUV compacts<\/a><\/li><li class='ez-toc-page-1 ez-toc-heading-level-2'><a class=\"ez-toc-link ez-toc-heading-2\" href=\"https:\/\/allotaxihorizon.fr\/blog\/seat-ateca-motorisations\/#Motorisations_du_Seat_Ateca_essence_diesel_DSG_et_usages_compatibles\" >Motorisations du Seat Ateca : essence, diesel, DSG et usages compatibles<\/a><\/li><li class='ez-toc-page-1 ez-toc-heading-level-2'><a class=\"ez-toc-link ez-toc-heading-3\" href=\"https:\/\/allotaxihorizon.fr\/blog\/seat-ateca-motorisations\/#Fiabilite_du_Seat_Ateca_defauts_signales_et_controles_a_effectuer\" >Fiabilit\u00e9 du Seat Ateca : d\u00e9fauts signal\u00e9s et contr\u00f4les \u00e0 effectuer<\/a><\/li><li class='ez-toc-page-1 ez-toc-heading-level-2'><a class=\"ez-toc-link ez-toc-heading-4\" href=\"https:\/\/allotaxihorizon.fr\/blog\/seat-ateca-motorisations\/#Seat_Ateca_doccasion_annees_prix_et_dossier_a_verifier_avant_la_vente\" >Seat Ateca d\u2019occasion : ann\u00e9es, prix et dossier \u00e0 v\u00e9rifier avant la vente<\/a><\/li><li class='ez-toc-page-1 ez-toc-heading-level-2'><a class=\"ez-toc-link ez-toc-heading-5\" href=\"https:\/\/allotaxihorizon.fr\/blog\/seat-ateca-motorisations\/#Consommation_performances_et_cout_dusage_du_Seat_Ateca_au_quotidien\" >Consommation, performances et co\u00fbt d\u2019usage du Seat Ateca au quotidien<\/a><\/li><\/ul><\/nav><\/div>\n<h2 class=\"wp-block-heading\"><span class=\"ez-toc-section\" id=\"Seat_Ateca_dimensions_coffre_et_place_dans_la_categorie_des_SUV_compacts\"><\/span>Seat Ateca : dimensions, coffre et place dans la cat\u00e9gorie des SUV compacts<span class=\"ez-toc-section-end\"><\/span><\/h2>\n\n<p class=\"wp-block-paragraph\">Le Seat Ateca occupe une position interm\u00e9diaire entre le petit SUV urbain et le v\u00e9hicule familial plus imposant. Sa longueur atteint environ 4,38 m\u00e8tres, sa largeur hors r\u00e9troviseurs environ 1,84 m\u00e8tre et sa hauteur pr\u00e8s de 1,61 m\u00e8tre selon les versions. Ces dimensions placent ce mod\u00e8le face au Peugeot 3008, au Renault Austral, au Ford Kuga ou encore au Volkswagen Tiguan.<\/p>\n\n<p class=\"wp-block-paragraph\">La longueur du Seat Ateca facilite les man\u0153uvres dans les parkings tout en pr\u00e9servant une habitabilit\u00e9 suffisante pour cinq occupants. Le v\u00e9hicule reste moins encombrant qu\u2019un grand SUV \u00e0 sept places, ce qui compte dans les stationnements en ville ou dans les garages anciens. Sa garde au sol et sa position de conduite sur\u00e9lev\u00e9e r\u00e9pondent davantage \u00e0 une recherche de visibilit\u00e9 et de confort d\u2019acc\u00e8s qu\u2019\u00e0 une utilisation hors route r\u00e9guli\u00e8re.<\/p>\n\n<p class=\"wp-block-paragraph\">Le coffre affiche 510 litres sur les versions traction, selon les donn\u00e9es constructeur Seat publi\u00e9es pour le mill\u00e9sime 2026. Une fois la banquette rabattue, le volume peut atteindre 1 604 litres selon le mode de mesure retenu par le fabricant. Les versions \u00e9quip\u00e9es de la transmission int\u00e9grale 4Drive disposent g\u00e9n\u00e9ralement d\u2019un volume inf\u00e9rieur, car certains \u00e9l\u00e9ments m\u00e9caniques occupent une partie du soubassement arri\u00e8re.<\/p>\n\n<figure class=\"wp-block-table\"><table>\n<thead>\n<tr>\n<th>Mesure<\/th>\n<th>Valeur indicative Seat Ateca 2026<\/th>\n<th>Source<\/th>\n<\/tr>\n<\/thead>\n<tbody>\n<tr>\n<td>Longueur<\/td>\n<td>Environ 4,38 m<\/td>\n<td>Fiche technique Seat, mill\u00e9sime 2026<\/td>\n<\/tr>\n<tr>\n<td>Largeur<\/td>\n<td>Environ 1,84 m<\/td>\n<td>Fiche technique Seat, mill\u00e9sime 2026<\/td>\n<\/tr>\n<tr>\n<td>Hauteur<\/td>\n<td>Environ 1,61 m<\/td>\n<td>Fiche technique Seat, mill\u00e9sime 2026<\/td>\n<\/tr>\n<tr>\n<td>Coffre \u00e0 cinq places<\/td>\n<td>510 L sur versions traction<\/td>\n<td>Donn\u00e9es constructeur Seat 2026<\/td>\n<\/tr>\n<tr>\n<td>Volume maximal annonc\u00e9<\/td>\n<td>1 604 L<\/td>\n<td>Donn\u00e9es constructeur Seat 2026<\/td>\n<\/tr>\n<\/tbody>\n<\/table><\/figure>\n\n<p class=\"wp-block-paragraph\">Ces chiffres doivent \u00eatre lus avec m\u00e9thode. Le volume annonc\u00e9 par un constructeur ne renseigne pas \u00e0 lui seul sur la facilit\u00e9 de chargement. La forme du hayon, la pr\u00e9sence d\u2019un double plancher, le seuil de coffre et le passage entre les roues changent l\u2019usage quotidien. Un coffre de 510 litres bien carr\u00e9 accueille plus facilement une poussette, des sacs de voyage ou des caisses que certains coffres th\u00e9oriquement plus vastes mais fortement d\u00e9coup\u00e9s.<\/p>\n\n<p class=\"wp-block-paragraph\">L\u2019habitacle adopte une pr\u00e9sentation classique du groupe Volkswagen. Les commandes de climatisation restent s\u00e9par\u00e9es de l\u2019\u00e9cran sur de nombreuses versions, ce qui limite les manipulations sur route. Les occupants arri\u00e8re disposent d\u2019un espace correct pour les jambes, sans atteindre celui de certains concurrents plus r\u00e9cents et plus longs. Les plastiques situ\u00e9s dans la partie basse de l\u2019habitacle sont plus fermes que ceux d\u2019un SUV positionn\u00e9 plus haut en gamme.<\/p>\n\n<p class=\"wp-block-paragraph\">Les finitions FR et Xperience modifient davantage l\u2019apparence et l\u2019\u00e9quipement que l\u2019encombrement r\u00e9el. La finition FR re\u00e7oit, selon les ann\u00e9es, des jantes de 19 pouces, des si\u00e8ges plus enveloppants et une pr\u00e9sentation sportive. Les grandes roues peuvent toutefois entra\u00eener des pneumatiques plus co\u00fbteux et plus sensibles aux chocs contre les trottoirs. Il faut demander le prix des pneus avant l\u2019achat, car la taille mont\u00e9e sur l\u2019exemplaire peut peser sur le budget d\u2019entretien.<\/p>\n\n<p class=\"wp-block-paragraph\">Le prix catalogue constitue un premier rep\u00e8re, mais il ne doit pas \u00eatre confondu avec le co\u00fbt complet. Seat France affichait en 2026 un tarif d\u2019acc\u00e8s autour de <strong>32 000 \u20ac<\/strong> pour un Ateca essence d\u2019entr\u00e9e de gamme, tandis que certaines configurations 2.0 TSI \u00e0 transmission int\u00e9grale approchaient 48 000 \u20ac, selon le catalogue constructeur 2026. Les options, les frais d\u2019immatriculation et l\u2019assurance ne sont pas inclus dans cette comparaison.<\/p>\n\n<p class=\"wp-block-paragraph\">Pour une occasion, les dimensions servent aussi \u00e0 v\u00e9rifier la coh\u00e9rence de l\u2019usage pass\u00e9. Une voiture familiale ayant transport\u00e9 r\u00e9guli\u00e8rement des charges lourdes peut pr\u00e9senter une usure marqu\u00e9e de la suspension arri\u00e8re, du seuil de coffre ou des garnitures. Un examen du plancher de chargement, des charni\u00e8res du hayon et de la banquette apporte souvent des informations plus concr\u00e8tes qu\u2019une pr\u00e9sentation ext\u00e9rieure tr\u00e8s soign\u00e9e.<\/p>\n\n<p class=\"wp-block-paragraph\">La bonne lecture des dimensions du Seat Ateca ne consiste donc pas \u00e0 chercher le plus grand chiffre. Elle consiste \u00e0 rapprocher l\u2019encombrement, le coffre et les contraintes de stationnement de vos trajets habituels.<\/p>\n\n\n\n<figure class=\"wp-block-image size-large\"><img loading=\"lazy\" decoding=\"async\" width=\"1536\" height=\"1024\" src=\"https:\/\/allotaxihorizon.fr\/blog\/wp-content\/uploads\/2026\/08\/coffre-suv-valises-chargement-hayon-ouvert.jpg\" alt=\"Coffre ouvert d&apos;un SUV compact avec valises et sacs rang\u00e9s dans le volume de chargement\" class=\"wp-image-263\" srcset=\"https:\/\/allotaxihorizon.fr\/blog\/wp-content\/uploads\/2026\/08\/coffre-suv-valises-chargement-hayon-ouvert.jpg 1536w, https:\/\/allotaxihorizon.fr\/blog\/wp-content\/uploads\/2026\/08\/coffre-suv-valises-chargement-hayon-ouvert-300x200.jpg 300w, https:\/\/allotaxihorizon.fr\/blog\/wp-content\/uploads\/2026\/08\/coffre-suv-valises-chargement-hayon-ouvert-1024x683.jpg 1024w, https:\/\/allotaxihorizon.fr\/blog\/wp-content\/uploads\/2026\/08\/coffre-suv-valises-chargement-hayon-ouvert-768x512.jpg 768w\" sizes=\"auto, (max-width: 1536px) 100vw, 1536px\" \/><figcaption class=\"wp-element-caption\">Illustration g\u00e9n\u00e9r\u00e9e par intelligence artificielle.<\/figcaption><\/figure>\n\n<h2 class=\"wp-block-heading\"><span class=\"ez-toc-section\" id=\"Motorisations_du_Seat_Ateca_essence_diesel_DSG_et_usages_compatibles\"><\/span>Motorisations du Seat Ateca : essence, diesel, DSG et usages compatibles<span class=\"ez-toc-section-end\"><\/span><\/h2>\n\n<p class=\"wp-block-paragraph\">Les motorisations du Seat Ateca couvrent des usages tr\u00e8s diff\u00e9rents. Le choix ne doit pas reposer seulement sur la puissance affich\u00e9e, mais sur les kilom\u00e8tres r\u00e9ellement parcourus, le type de route emprunt\u00e9 et la r\u00e9gularit\u00e9 des longs trajets. Un moteur diesel utilis\u00e9 uniquement pour de courts d\u00e9placements urbains risque d\u2019accumuler des probl\u00e8mes de d\u00e9pollution, m\u00eame si sa consommation para\u00eet avantageuse sur le papier.<\/p>\n\n<p class=\"wp-block-paragraph\">Le 1.0 TSI de 110 ch repr\u00e9sente l\u2019acc\u00e8s \u00e0 la gamme essence. Ce trois-cylindres convient \u00e0 des d\u00e9placements quotidiens sans remorque ni charge importante. Seat annonce une consommation mixte autour de 5,8 litres aux 100 kilom\u00e8tres selon les cycles d\u2019homologation WLTP publi\u00e9s pour certaines versions du mill\u00e9sime 2026, mais cette valeur d\u00e9pend de la finition, des roues et de la bo\u00eete retenue.<\/p>\n\n<p class=\"wp-block-paragraph\">Le 1.5 TSI de 150 ch est souvent le moteur le plus coh\u00e9rent pour un conducteur alternant ville, route et voie rapide. Il dispose de quatre cylindres et d\u2019un syst\u00e8me de d\u00e9sactivation partielle des cylindres \u00e0 faible charge, appel\u00e9 ACT. Cette technologie vise \u00e0 r\u00e9duire la consommation lors des phases stabilis\u00e9es, sans modifier la puissance disponible lorsque le conducteur acc\u00e9l\u00e8re.<\/p>\n\n<p class=\"wp-block-paragraph\">Sur les fiches techniques Seat 2026, la consommation WLTP combin\u00e9e du 1.5 TSI 150 ch tourne autour de 6,2 litres aux 100 kilom\u00e8tres selon la configuration. Les performances restent suffisantes pour un SUV compact charg\u00e9, notamment lors des insertions autorouti\u00e8res ou des d\u00e9passements. Cette donn\u00e9e homologu\u00e9e n\u2019est pas une promesse de consommation personnelle, car la vitesse, les trajets courts, le chauffage, la charge transport\u00e9e et le style de conduite font varier le r\u00e9sultat.<\/p>\n\n<figure class=\"is-provider-youtube is-type-video wp-block-embed wp-block-embed-youtube wp-embed-aspect-16-9 wp-has-aspect-ratio\"><div class=\"wp-block-embed__wrapper\">\n<iframe loading=\"lazy\" title=\"Seat Ateca restyl\u00e9 : le concurrent du 3008 monte en gamme\" width=\"500\" height=\"281\" src=\"https:\/\/www.youtube.com\/embed\/5I_MYL7uLp4?feature=oembed\" frameborder=\"0\" allow=\"accelerometer; autoplay; clipboard-write; encrypted-media; gyroscope; picture-in-picture; web-share\" referrerpolicy=\"strict-origin-when-cross-origin\" allowfullscreen><\/iframe>\n<\/div><\/figure>\n\n<p class=\"wp-block-paragraph\">Le 2.0 TSI de 190 ch, g\u00e9n\u00e9ralement associ\u00e9 \u00e0 la bo\u00eete DSG et \u00e0 la transmission int\u00e9grale 4Drive, s\u2019adresse \u00e0 un besoin plus particulier. Cette version offre des relances plus franches et un passage de 0 \u00e0 100 km\/h annonc\u00e9 autour de 7 secondes selon les donn\u00e9es Seat. Elle implique aussi une consommation sup\u00e9rieure, des pneus parfois plus on\u00e9reux et un co\u00fbt d\u2019assurance qui peut progresser selon le profil du conducteur.<\/p>\n\n<p class=\"wp-block-paragraph\">Les diesels 2.0 TDI existent selon les march\u00e9s et mill\u00e9simes en 116 ou 150 ch. Le 2.0 TDI 150 ch reste adapt\u00e9 \u00e0 des parcours fr\u00e9quents sur route ou autoroute, o\u00f9 son couple et sa sobri\u00e9t\u00e9 prennent un sens concret. Seat annonce sur certaines fiches WLTP une consommation combin\u00e9e voisine de 4,9 litres aux 100 kilom\u00e8tres, donn\u00e9e \u00e0 comparer avec prudence puisqu\u2019elle d\u00e9pend de la transmission, du poids et de l\u2019\u00e9quipement.<\/p>\n\n<p class=\"wp-block-paragraph\">Le 1.6 TDI et le 2.0 TDI exigent une attention particuli\u00e8re si les anciens trajets \u00e9taient courts et urbains. Le filtre \u00e0 particules, souvent d\u00e9sign\u00e9 par le sigle FAP, a besoin de phases de roulage suffisamment longues pour r\u00e9aliser sa r\u00e9g\u00e9n\u00e9ration. Une succession de d\u00e9placements de quelques kilom\u00e8tres favorise l\u2019encrassement, les alertes au tableau de bord et les interventions sur la vanne EGR.<\/p>\n\n<p class=\"wp-block-paragraph\">La bo\u00eete DSG demande une lecture pr\u00e9cise du dossier d\u2019entretien. Ce terme recouvre plusieurs transmissions \u00e0 double embrayage dont les besoins ne sont pas identiques. L\u2019intervalle de vidange doit \u00eatre v\u00e9rifi\u00e9 \u00e0 partir du num\u00e9ro de s\u00e9rie, du code de bo\u00eete et du programme d\u2019entretien pr\u00e9vu par Seat, pas \u00e0 partir d\u2019un d\u00e9lai universel trouv\u00e9 sur une annonce.<\/p>\n\n<ul class=\"wp-block-list\"><li>Le 1.0 TSI 110 ch convient aux parcours urbains et p\u00e9riurbains sans fortes charges r\u00e9guli\u00e8res.<\/li><li>Le 1.5 TSI 150 ch correspond \u00e0 un usage mixte avec famille, route et autoroute.<\/li><li>Le 2.0 TSI 190 ch 4Drive s\u2019adresse aux conducteurs recherchant davantage de performances et de motricit\u00e9.<\/li><li>Le 1.6 TDI demande des trajets assez longs pour pr\u00e9server le syst\u00e8me de d\u00e9pollution.<\/li><li>Le 2.0 TDI 150 ch conserve un int\u00e9r\u00eat lorsque le kilom\u00e9trage annuel est \u00e9lev\u00e9 et principalement routier.<\/li><\/ul>\n\n<p class=\"wp-block-paragraph\">Une bo\u00eete DSG doit \u00eatre essay\u00e9e moteur froid puis apr\u00e8s une vingtaine de minutes de circulation. Les d\u00e9marrages, les man\u0153uvres, la marche arri\u00e8re, les reprises lentes et les arr\u00eats en c\u00f4te doivent rester r\u00e9guliers. Un d\u00e9lai important \u00e0 l\u2019engagement, des vibrations, un patinage ou des \u00e0-coups r\u00e9p\u00e9t\u00e9s justifient un diagnostic avant toute signature.<\/p>\n\n<p class=\"wp-block-paragraph\">Le moteur le plus rassurant n\u2019est pas automatiquement le plus r\u00e9pandu. Un 1.5 TSI avec factures d\u00e9taill\u00e9es, vidanges r\u00e9guli\u00e8res et essai satisfaisant m\u00e9rite davantage d\u2019attention qu\u2019un diesel sobre dont l\u2019historique ne contient que des entretiens impr\u00e9cis.<\/p>\n\n<h2 class=\"wp-block-heading\"><span class=\"ez-toc-section\" id=\"Fiabilite_du_Seat_Ateca_defauts_signales_et_controles_a_effectuer\"><\/span>Fiabilit\u00e9 du Seat Ateca : d\u00e9fauts signal\u00e9s et contr\u00f4les \u00e0 effectuer<span class=\"ez-toc-section-end\"><\/span><\/h2>\n\n<p class=\"wp-block-paragraph\">La fiabilit\u00e9 du Seat Ateca est globalement correcte, mais elle varie avec le moteur, la bo\u00eete, l\u2019ann\u00e9e de production et surtout l\u2019entretien re\u00e7u. La plateforme MQB est utilis\u00e9e par de nombreux v\u00e9hicules du groupe Volkswagen, ce qui facilite l\u2019acc\u00e8s aux pi\u00e8ces et aux garages connaissant ces m\u00e9caniques. Cette parent\u00e9 technique ne dispense pas d\u2019un contr\u00f4le complet d\u2019un v\u00e9hicule d\u2019occasion.<\/p>\n\n<p class=\"wp-block-paragraph\">Les exemplaires de d\u00e9but de carri\u00e8re, commercialis\u00e9s \u00e0 partir de 2016, demandent une attention plus soutenue sur le circuit de refroidissement. Des fuites de pompe \u00e0 eau ont \u00e9t\u00e9 signal\u00e9es sur certains Ateca \u00e9quip\u00e9s du 1.4 EcoTSI de 150 ch. Avant l\u2019essai, le niveau du vase d\u2019expansion doit \u00eatre v\u00e9rifi\u00e9 moteur froid, sans jamais ouvrir le bouchon lorsque le moteur est chaud.<\/p>\n\n<p class=\"wp-block-paragraph\">Une trace rose, blanch\u00e2tre ou s\u00e8che pr\u00e8s de la pompe \u00e0 eau, des durites ou du vase d\u2019expansion m\u00e9rite une explication document\u00e9e. Le liquide de refroidissement ne doit pas dispara\u00eetre sans raison. Une facture de remplacement de pompe \u00e0 eau, accompagn\u00e9e du kilom\u00e9trage et de la date d\u2019intervention, peut \u00eatre rassurante si la r\u00e9paration a \u00e9t\u00e9 r\u00e9alis\u00e9e correctement.<\/p>\n\n<p class=\"wp-block-paragraph\">Les moteurs diesel appellent une autre s\u00e9rie de v\u00e9rifications. Le filtre \u00e0 particules, la vanne EGR et le syst\u00e8me AdBlue peuvent \u00eatre affect\u00e9s par les petits trajets r\u00e9p\u00e9t\u00e9s. Une perte de puissance, un voyant moteur, un ventilateur qui reste fr\u00e9quemment en fonctionnement apr\u00e8s l\u2019arr\u00eat ou une consommation inhabituelle de liquide AdBlue doivent conduire \u00e0 demander un relev\u00e9 de diagnostic.<\/p>\n\n<p class=\"wp-block-paragraph\">Le contr\u00f4le technique permet de relever les d\u00e9fauts ayant entra\u00een\u00e9 une contre-visite ou une observation. Depuis le 1er janvier 2026, la p\u00e9riodicit\u00e9 du contr\u00f4le technique des voitures particuli\u00e8res reste fix\u00e9e \u00e0 quatre ans apr\u00e8s la premi\u00e8re mise en circulation, puis tous les deux ans, conform\u00e9ment \u00e0 l\u2019article R.323-22 du code de la route. Ce document ne remplace pas un diagnostic m\u00e9canique, mais les kilom\u00e9trages et les remarques doivent \u00eatre rapproch\u00e9s des factures.<\/p>\n\n<blockquote class=\"wp-block-quote is-layout-flow wp-block-quote-is-layout-flow\"><p>Le contr\u00f4le technique p\u00e9riodique des v\u00e9hicules l\u00e9gers est r\u00e9alis\u00e9 dans les six mois pr\u00e9c\u00e9dant l\u2019expiration d\u2019un d\u00e9lai de quatre ans \u00e0 compter de leur premi\u00e8re mise en circulation, puis \u00e0 l\u2019issue de chaque p\u00e9riode de deux ans, selon l\u2019article R.323-22 du code de la route, version en vigueur en 2026.<\/p><\/blockquote>\n\n<p class=\"wp-block-paragraph\">La transmission DSG ne doit pas \u00eatre qualifi\u00e9e de fragile ou de fiable sans examiner l\u2019exemplaire. Certaines bo\u00eetes ont un entretien programm\u00e9, d\u2019autres un fonctionnement diff\u00e9rent selon le couple support\u00e9 et la motorisation. La mention \u00ab entretien suivi \u00bb sur une annonce ne prouve rien tant qu\u2019elle n\u2019est pas accompagn\u00e9e de factures et de r\u00e9f\u00e9rences d\u2019intervention.<\/p>\n\n<p class=\"wp-block-paragraph\">Les d\u00e9fauts \u00e9lectroniques sont g\u00e9n\u00e9ralement moins co\u00fbteux qu\u2019un moteur ou une bo\u00eete, mais ils peuvent compliquer fortement l\u2019usage quotidien. Des utilisateurs ont signal\u00e9 des \u00e9crans qui red\u00e9marrent lentement, une connexion Bluetooth instable, des alertes d\u2019aide au freinage ou une cam\u00e9ra de recul intermittente. Une mise \u00e0 jour logicielle peut r\u00e9soudre certains cas, mais ce point doit \u00eatre v\u00e9rifi\u00e9 sur l\u2019exemplaire propos\u00e9 et non pr\u00e9sum\u00e9.<\/p>\n\n<p class=\"wp-block-paragraph\">Chaque \u00e9quipement doit \u00eatre contr\u00f4l\u00e9 s\u00e9par\u00e9ment lors de l\u2019essai. L\u2019\u00e9cran central, la navigation, la climatisation, les vitres, les capteurs de stationnement, la cam\u00e9ra, le r\u00e9gulateur, les phares et les prises USB doivent fonctionner apr\u00e8s un arr\u00eat puis un red\u00e9marrage complet. Un voyant qui dispara\u00eet apr\u00e8s quelques minutes n\u2019est pas un d\u00e9faut r\u00e9gl\u00e9.<\/p>\n\n<p class=\"wp-block-paragraph\">Les rappels constructeur constituent aussi un point de contr\u00f4le. Le num\u00e9ro d\u2019identification du v\u00e9hicule, appel\u00e9 VIN, permet au r\u00e9seau Seat de v\u00e9rifier les campagnes qui restent ouvertes. Cette v\u00e9rification ne co\u00fbte pas le prix d\u2019une r\u00e9paration et peut \u00e9viter d\u2019acheter une voiture dont une intervention de s\u00e9curit\u00e9 n\u2019a jamais \u00e9t\u00e9 r\u00e9alis\u00e9e.<\/p>\n\n<p class=\"wp-block-paragraph\">La hi\u00e9rarchie des d\u00e9fauts doit rester nette. Un bruit de mobilier ou un \u00e9cran lent sont g\u00eanants, mais une baisse de liquide de refroidissement, une bo\u00eete qui patine ou une alerte persistante de d\u00e9pollution exigent une r\u00e9ponse technique avant l\u2019achat.<\/p>\n\n<figure class=\"is-provider-youtube is-type-video wp-block-embed wp-block-embed-youtube wp-embed-aspect-16-9 wp-has-aspect-ratio\"><div class=\"wp-block-embed__wrapper\">\n<iframe loading=\"lazy\" title=\"3 ans apr\u00e8s, Je VENDS ma Seat ATECA 2.0 TDI FR ! Mon avis final\" width=\"500\" height=\"281\" src=\"https:\/\/www.youtube.com\/embed\/ih-PnovvnLA?feature=oembed\" frameborder=\"0\" allow=\"accelerometer; autoplay; clipboard-write; encrypted-media; gyroscope; picture-in-picture; web-share\" referrerpolicy=\"strict-origin-when-cross-origin\" allowfullscreen><\/iframe>\n<\/div><\/figure>\n\n<h2 class=\"wp-block-heading\"><span class=\"ez-toc-section\" id=\"Seat_Ateca_doccasion_annees_prix_et_dossier_a_verifier_avant_la_vente\"><\/span>Seat Ateca d\u2019occasion : ann\u00e9es, prix et dossier \u00e0 v\u00e9rifier avant la vente<span class=\"ez-toc-section-end\"><\/span><\/h2>\n\n<p class=\"wp-block-paragraph\">Il n\u2019existe pas de mill\u00e9sime du Seat Ateca qu\u2019il faudrait \u00e9liminer automatiquement. Les v\u00e9hicules produits entre 2016 et 2019 peuvent demander davantage de vigilance sur le refroidissement, les premiers syst\u00e8mes multim\u00e9dias et certains r\u00e9glages \u00e9lectroniques. Les mod\u00e8les restyl\u00e9s \u00e0 partir de 2020 b\u00e9n\u00e9ficient d\u2019une pr\u00e9sentation modernis\u00e9e et d\u2019\u00e9volutions d\u2019\u00e9quipement, sans devenir pour autant exempts de d\u00e9fauts.<\/p>\n\n<p class=\"wp-block-paragraph\">Une voiture de 2018 entretenue dans les d\u00e9lais, avec ses rappels effectu\u00e9s et des r\u00e9parations document\u00e9es, peut \u00eatre plus s\u00fbre qu\u2019un mod\u00e8le de 2021 sans facture pr\u00e9cise. L\u2019ann\u00e9e du v\u00e9hicule est un rep\u00e8re administratif et commercial, non une garantie de soin m\u00e9canique. Le kilom\u00e9trage seul ne permet pas davantage de trancher.<\/p>\n\n<p class=\"wp-block-paragraph\">Le march\u00e9 de l\u2019occasion pr\u00e9sente des \u00e9carts consid\u00e9rables. Des premiers Seat Ateca peuvent \u00eatre affich\u00e9s \u00e0 partir d\u2019environ 10 600 \u20ac, rep\u00e8re observ\u00e9 dans les annonces fran\u00e7aises publi\u00e9es en 2026 pour des exemplaires anciens et kilom\u00e9tr\u00e9s. Ce montant ne constitue ni une cote officielle ni un prix de vente garanti, car l\u2019\u00e9tat, le moteur, la finition, la transmission et l\u2019historique de sinistres font varier la valeur.<\/p>\n\n<p class=\"wp-block-paragraph\">Une annonce moins ch\u00e8re que les autres ne constitue pas une \u00e9conomie tant que le dossier n\u2019est pas v\u00e9rifi\u00e9. Un remplacement de bo\u00eete DSG, de pompe \u00e0 eau, de syst\u00e8me AdBlue ou de FAP peut modifier imm\u00e9diatement l\u2019int\u00e9r\u00eat financier d\u2019un v\u00e9hicule. Le vendeur doit pouvoir expliquer les interventions r\u00e9alis\u00e9es avec des documents dat\u00e9s, pas seulement avec une d\u00e9claration verbale.<\/p>\n\n<p class=\"wp-block-paragraph\">La d\u00e9marche administrative doit \u00eatre pr\u00e9par\u00e9e avant le paiement. Le vendeur doit remettre le certificat d\u2019immatriculation barr\u00e9, dat\u00e9 et sign\u00e9, le certificat de cession, un certificat de situation administrative de moins de 15 jours et, si le v\u00e9hicule a plus de quatre ans, un proc\u00e8s-verbal de contr\u00f4le technique de moins de six mois. Ces r\u00e8gles r\u00e9sultent notamment des articles R.322-4 et R.322-5 du code de la route, dans leur version applicable en 2026.<\/p>\n\n<ol class=\"wp-block-list\"><li>Demandez les factures d\u2019entretien et comparez les kilom\u00e9trages avec ceux inscrits sur les proc\u00e8s-verbaux de contr\u00f4le technique.<\/li><li>Exigez un d\u00e9marrage moteur froid afin de rep\u00e9rer un bruit, un voyant ou une fum\u00e9e qui dispara\u00eetrait sur un moteur d\u00e9j\u00e0 chaud.<\/li><li>Contr\u00f4lez le niveau de liquide de refroidissement et recherchez les traces de fuite visibles autour du moteur.<\/li><li>Essayez la bo\u00eete \u00e0 basse vitesse, en marche arri\u00e8re, dans une pente et apr\u00e8s que la transmission a chauff\u00e9.<\/li><li>Testez l\u2019ensemble des \u00e9quipements \u00e9lectriques, y compris les aides \u00e0 la conduite et la connexion t\u00e9l\u00e9phonique.<\/li><li>V\u00e9rifiez le VIN aupr\u00e8s du r\u00e9seau Seat pour conna\u00eetre les \u00e9ventuelles campagnes de rappel encore ouvertes.<\/li><li>Faites examiner le v\u00e9hicule par un professionnel ind\u00e9pendant lorsque le dossier comporte une p\u00e9riode sans facture ou un d\u00e9faut signal\u00e9.<\/li><\/ol>\n\n<p class=\"wp-block-paragraph\">Apr\u00e8s la vente, l\u2019acheteur dispose de <strong>30 jours<\/strong> pour demander l\u2019immatriculation \u00e0 son nom, conform\u00e9ment \u00e0 l\u2019article R.322-5 du code de la route. La d\u00e9marche officielle est gratuite hors taxes et redevances obligatoires sur le site ants.gouv.fr. Les interm\u00e9diaires peuvent facturer entre 25 et 50 \u20ac pour saisir les m\u00eames informations, sans raccourcir le traitement du dossier.<\/p>\n\n<p class=\"wp-block-paragraph\">Le co\u00fbt de la carte grise d\u00e9pend de la r\u00e9gion, de la puissance fiscale et de l\u2019\u00e2ge du v\u00e9hicule. \u00c0 titre d\u2019exemple, le cheval fiscal est fix\u00e9 \u00e0 43 \u20ac en Nouvelle-Aquitaine pour 2026 par d\u00e9lib\u00e9ration du conseil r\u00e9gional, alors qu\u2019il atteint 51 \u20ac en \u00cele-de-France selon le bar\u00e8me r\u00e9gional applicable en 2026. Deux Seat Ateca strictement identiques peuvent donc entra\u00eener un co\u00fbt d\u2019immatriculation diff\u00e9rent selon l\u2019adresse de l\u2019acqu\u00e9reur.<\/p>\n\n<p class=\"wp-block-paragraph\">Le certificat de cession doit \u00eatre enregistr\u00e9 par le vendeur. Si cette formalit\u00e9 n\u2019a pas \u00e9t\u00e9 r\u00e9alis\u00e9e, la demande de changement de titulaire peut \u00eatre bloqu\u00e9e dans le t\u00e9l\u00e9service ANTS. Le certificat de situation administrative doit aussi \u00eatre consult\u00e9 avec attention, car une opposition ou un gage peut emp\u00eacher le transfert de propri\u00e9t\u00e9 administratif.<\/p>\n\n<p class=\"wp-block-paragraph\">Un litige sur un vice cach\u00e9, une garantie commerciale ou une information trompeuse ne peut pas \u00eatre tranch\u00e9 \u00e0 partir d\u2019une annonce ou d\u2019une facture isol\u00e9e. Dans ce cas, les pi\u00e8ces doivent \u00eatre conserv\u00e9es et le dossier doit \u00eatre \u00e9tudi\u00e9 par une protection juridique, un conciliateur ou un avocat selon la nature du diff\u00e9rend.<\/p>\n\n<p class=\"wp-block-paragraph\">Le dossier le plus solide est celui qui permet de retracer l\u2019usage r\u00e9el de l\u2019Ateca depuis sa premi\u00e8re immatriculation. Les papiers coh\u00e9rents et l\u2019essai m\u00e9thodique ont plus de valeur qu\u2019une finition valorisante ou qu\u2019un kilom\u00e9trage flatteur.<\/p>\n\n<h2 class=\"wp-block-heading\"><span class=\"ez-toc-section\" id=\"Consommation_performances_et_cout_dusage_du_Seat_Ateca_au_quotidien\"><\/span>Consommation, performances et co\u00fbt d\u2019usage du Seat Ateca au quotidien<span class=\"ez-toc-section-end\"><\/span><\/h2>\n\n<p class=\"wp-block-paragraph\">La consommation du Seat Ateca d\u00e9pend moins de la seule fiche moteur que du parcours quotidien. Un SUV compact essence utilis\u00e9 sur de petits trajets \u00e0 froid consommera davantage qu\u2019un m\u00eame v\u00e9hicule roulant r\u00e9guli\u00e8rement sur route stabilis\u00e9e. Les chiffres WLTP permettent de comparer les versions entre elles, mais ils ne remplacent pas l\u2019observation des relev\u00e9s r\u00e9els fournis par le vendeur.<\/p>\n\n<p class=\"wp-block-paragraph\">Le 1.0 TSI 110 ch peut convenir \u00e0 une circulation p\u00e9riurbaine calme, avec une consommation homologu\u00e9e autour de 5,8 litres aux 100 kilom\u00e8tres selon Seat pour certaines configurations 2026. Ses performances deviennent plus limit\u00e9es lorsque le v\u00e9hicule transporte plusieurs passagers, des bagages ou circule fr\u00e9quemment sur relief marqu\u00e9. Un essai sur voie rapide permet de v\u00e9rifier si ce niveau de puissance correspond r\u00e9ellement \u00e0 vos besoins.<\/p>\n\n<p class=\"wp-block-paragraph\">Le 1.5 TSI 150 ch pr\u00e9sente une r\u00e9serve de puissance plus confortable pour les d\u00e9placements familiaux. Sa consommation WLTP d\u2019environ 6,2 litres aux 100 kilom\u00e8tres selon les donn\u00e9es constructeur 2026 reste raisonnable dans cette cat\u00e9gorie, \u00e0 condition de ne pas confondre consommation normalis\u00e9e et d\u00e9pense r\u00e9elle. Des jantes de 19 pouces, une conduite charg\u00e9e ou une circulation urbaine dense peuvent modifier sensiblement le r\u00e9sultat.<\/p>\n\n<p class=\"wp-block-paragraph\">Le 2.0 TDI 150 ch affiche sur certaines fiches Seat une valeur homologu\u00e9e proche de 4,9 litres aux 100 kilom\u00e8tres. Cette sobri\u00e9t\u00e9 peut compenser un kilom\u00e9trage annuel \u00e9lev\u00e9, mais uniquement si les trajets permettent au syst\u00e8me de d\u00e9pollution de fonctionner correctement. Un diesel achet\u00e9 pour parcourir principalement quelques kilom\u00e8tres en ville risque de co\u00fbter plus cher en entretien que l\u2019\u00e9conomie r\u00e9alis\u00e9e \u00e0 la pompe.<\/p>\n\n<figure class=\"wp-block-table\"><table>\n<thead>\n<tr>\n<th>Motorisation<\/th>\n<th>Usage coh\u00e9rent<\/th>\n<th>Consommation mixte WLTP indicative<\/th>\n<th>Source 2026<\/th>\n<\/tr>\n<\/thead>\n<tbody>\n<tr>\n<td>1.0 TSI 110 ch<\/td>\n<td>Ville, p\u00e9riurbain, charge mod\u00e9r\u00e9e<\/td>\n<td>Environ 5,8 L\/100 km<\/td>\n<td>Fiches techniques Seat 2026<\/td>\n<\/tr>\n<tr>\n<td>1.5 TSI 150 ch ACT<\/td>\n<td>Usage mixte et familial<\/td>\n<td>Environ 6,2 L\/100 km<\/td>\n<td>Fiches techniques Seat 2026<\/td>\n<\/tr>\n<tr>\n<td>2.0 TDI 150 ch<\/td>\n<td>Route et autoroute fr\u00e9quentes<\/td>\n<td>Environ 4,9 L\/100 km<\/td>\n<td>Fiches techniques Seat 2026<\/td>\n<\/tr>\n<tr>\n<td>2.0 TSI 190 ch 4Drive<\/td>\n<td>Performances et motricit\u00e9<\/td>\n<td>Variable selon finition et DSG<\/td>\n<td>Fiches techniques Seat 2026<\/td>\n<\/tr>\n<\/tbody>\n<\/table><\/figure>\n\n<p class=\"wp-block-paragraph\">Le carburant n\u2019est qu\u2019une partie du budget. Les pneumatiques, les freins, les r\u00e9visions et l\u2019assurance doivent \u00eatre int\u00e9gr\u00e9s avant de choisir une finition. Une version FR \u00e9quip\u00e9e de grandes roues peut para\u00eetre plus attractive, mais les pneus de grand diam\u00e8tre sont souvent plus chers qu\u2019une monte de 17 ou 18 pouces et offrent parfois moins de confort sur chauss\u00e9e d\u00e9grad\u00e9e.<\/p>\n\n<p class=\"wp-block-paragraph\">La transmission int\u00e9grale 4Drive am\u00e9liore la motricit\u00e9 sur route humide, enneig\u00e9e ou en pente, mais elle augmente la masse et peut entra\u00eener un co\u00fbt d\u2019usage sup\u00e9rieur. Elle n\u2019autorise pas \u00e0 n\u00e9gliger les pneus, dont l\u2019\u00e9tat doit rester homog\u00e8ne sur les quatre roues. Un \u00e9cart important d\u2019usure ou de dimension entre les essieux peut affecter le comportement du v\u00e9hicule et la transmission.<\/p>\n\n<p class=\"wp-block-paragraph\">Les performances doivent \u00eatre comprises comme une capacit\u00e9 de s\u00e9curit\u00e9 et de confort, non comme un argument abstrait. Une acc\u00e9l\u00e9ration suffisante facilite l\u2019insertion sur autoroute ou le d\u00e9passement lorsque les conditions le permettent. Elle ne dispense jamais de respecter les limitations ni d\u2019adapter la conduite \u00e0 la m\u00e9t\u00e9o, \u00e0 la visibilit\u00e9 et au chargement.<\/p>\n\n<p class=\"wp-block-paragraph\">Les frais administratifs sont \u00e9galement variables. Le co\u00fbt du certificat d\u2019immatriculation d\u00e9pend de la puissance fiscale inscrite sur la carte grise, de la r\u00e9gion de r\u00e9sidence et de l\u2019\u00e2ge du v\u00e9hicule. Les bar\u00e8mes r\u00e9gionaux \u00e9voluent chaque ann\u00e9e, g\u00e9n\u00e9ralement au 1er janvier, et le calcul officiel peut \u00eatre r\u00e9alis\u00e9 avant paiement sur ants.gouv.fr.<\/p>\n\n<p class=\"wp-block-paragraph\">Pour un achat d\u2019occasion, demander les consommations relev\u00e9es sur les derniers entretiens ou carnets de bord apporte une indication utile. Une valeur anormalement \u00e9lev\u00e9e ne prouve pas une panne, mais elle doit \u00eatre rapproch\u00e9e du type de trajets, de la monte pneumatique et du fonctionnement \u00e9ventuel de la d\u00e9pollution diesel. Un chiffre isol\u00e9 sans contexte ne permet pas de juger le v\u00e9hicule.<\/p>\n\n<p class=\"wp-block-paragraph\">Entre le 1.5 TSI 150 ch et le 2.0 TDI 150 ch, le choix d\u00e9pend d\u2019abord de la distance r\u00e9ellement parcourue. L\u2019essence limite les contraintes pour les petits parcours, tandis que le diesel justifie son usage lorsqu\u2019il roule assez longtemps et assez souvent.<\/p>\n\n\n<h3>Le Seat Ateca est-il fiable en occasion ?<\/h3>\n<p>Le bilan est globalement correct lorsque l\u2019entretien est prouv\u00e9. Les contr\u00f4les prioritaires portent sur le circuit de refroidissement des premiers 1.4 EcoTSI, la bo\u00eete DSG, la d\u00e9pollution des diesels et les \u00e9quipements \u00e9lectroniques.<\/p>\n<h3>Quelle motorisation Seat Ateca choisir pour un usage mixte ?<\/h3>\n<p>Le 1.5 TSI de 150 ch correspond g\u00e9n\u00e9ralement \u00e0 un usage alternant ville, route et autoroute. Il faut toutefois privil\u00e9gier un exemplaire avec des factures d\u00e9taill\u00e9es et un essai satisfaisant.<\/p>\n<h3>Quel est le volume de coffre du Seat Ateca ?<\/h3>\n<p>Le coffre atteint 510 litres sur les versions \u00e0 deux roues motrices, selon les donn\u00e9es constructeur Seat pour le mill\u00e9sime 2026. Le volume peut \u00eatre inf\u00e9rieur sur certaines versions 4Drive.<\/p>\n<h3>La bo\u00eete DSG du Seat Ateca doit-elle \u00eatre vidang\u00e9e ?<\/h3>\n<p>La r\u00e9ponse d\u00e9pend de la bo\u00eete mont\u00e9e sur le v\u00e9hicule, de sa motorisation et de son programme constructeur. Le num\u00e9ro de s\u00e9rie et les factures permettent au r\u00e9seau Seat de v\u00e9rifier l\u2019intervalle applicable.<\/p>\n<h3>O\u00f9 faire gratuitement le changement de carte grise apr\u00e8s l\u2019achat ?<\/h3>\n<p>La demande se r\u00e9alise sur le t\u00e9l\u00e9service officiel ants.gouv.fr. Les taxes et redevances l\u00e9gales restent dues, mais la saisie de la demande officielle ne comporte pas de frais de dossier d\u2019interm\u00e9diaire.<\/p>\n\n","protected":false},"excerpt":{"rendered":"<p>En bref Seat Ateca : dimensions, coffre et place dans la cat\u00e9gorie des SUV compacts Le Seat Ateca occupe une position interm\u00e9diaire entre le petit SUV urbain et le v\u00e9hicule familial plus imposant. Sa longueur atteint environ 4,38 m\u00e8tres, sa largeur hors r\u00e9troviseurs environ 1,84 m\u00e8tre et sa hauteur pr\u00e8s de 1,61 m\u00e8tre selon les [&hellip;]<\/p>\n","protected":false},"author":1,"featured_media":262,"comment_status":"open","ping_status":"closed","sticky":false,"template":"","format":"standard","meta":{"footnotes":""},"categories":[19],"tags":[],"class_list":["post-260","post","type-post","status-publish","format-standard","has-post-thumbnail","hentry","category-mobilites-douces-electrique"],"_links":{"self":[{"href":"https:\/\/allotaxihorizon.fr\/blog\/wp-json\/wp\/v2\/posts\/260","targetHints":{"allow":["GET"]}}],"collection":[{"href":"https:\/\/allotaxihorizon.fr\/blog\/wp-json\/wp\/v2\/posts"}],"about":[{"href":"https:\/\/allotaxihorizon.fr\/blog\/wp-json\/wp\/v2\/types\/post"}],"author":[{"embeddable":true,"href":"https:\/\/allotaxihorizon.fr\/blog\/wp-json\/wp\/v2\/users\/1"}],"replies":[{"embeddable":true,"href":"https:\/\/allotaxihorizon.fr\/blog\/wp-json\/wp\/v2\/comments?post=260"}],"version-history":[{"count":2,"href":"https:\/\/allotaxihorizon.fr\/blog\/wp-json\/wp\/v2\/posts\/260\/revisions"}],"predecessor-version":[{"id":265,"href":"https:\/\/allotaxihorizon.fr\/blog\/wp-json\/wp\/v2\/posts\/260\/revisions\/265"}],"wp:featuredmedia":[{"embeddable":true,"href":"https:\/\/allotaxihorizon.fr\/blog\/wp-json\/wp\/v2\/media\/262"}],"wp:attachment":[{"href":"https:\/\/allotaxihorizon.fr\/blog\/wp-json\/wp\/v2\/media?parent=260"}],"wp:term":[{"taxonomy":"category","embeddable":true,"href":"https:\/\/allotaxihorizon.fr\/blog\/wp-json\/wp\/v2\/categories?post=260"},{"taxonomy":"post_tag","embeddable":true,"href":"https:\/\/allotaxihorizon.fr\/blog\/wp-json\/wp\/v2\/tags?post=260"}],"curies":[{"name":"wp","href":"https:\/\/api.w.org\/{rel}","templated":true}]}}