{"id":285,"date":"2026-08-26T09:01:47","date_gmt":"2026-08-26T09:01:47","guid":{"rendered":"https:\/\/allotaxihorizon.fr\/blog\/t-cross-dimensions-motorisations\/"},"modified":"2026-08-26T09:29:01","modified_gmt":"2026-08-26T09:29:01","slug":"t-cross-dimensions-motorisations","status":"publish","type":"post","link":"https:\/\/allotaxihorizon.fr\/blog\/t-cross-dimensions-motorisations\/","title":{"rendered":"T-Cross : dimensions, coffre coulissant et motorisations"},"content":{"rendered":"<p class=\"wp-block-paragraph\">Le Volkswagen T-Cross appartient \u00e0 la cat\u00e9gorie des SUV compacts destin\u00e9s aux trajets urbains, p\u00e9riurbains et familiaux. Sa longueur contenue facilite le stationnement, tandis que sa banquette arri\u00e8re mobile permet d\u2019arbitrer entre places arri\u00e8re et bagages. La version actuellement commercialis\u00e9e en France affiche un tarif \u00e0 partir de <strong>28\u00a0200\u00a0\u20ac<\/strong>, selon le configurateur Volkswagen France consult\u00e9 en 2026.<\/p>\n\n<p class=\"wp-block-paragraph\">En bref<\/p>\n\n<ul class=\"wp-block-list\"><li>Le T-Cross restyl\u00e9 mesure <strong>4,135\u00a0m\u00e8tres<\/strong> de long, soit 2,7\u00a0cm de plus que la premi\u00e8re g\u00e9n\u00e9ration europ\u00e9enne.<\/li><li>Son coffre coulissant varie de 385 \u00e0 455 litres lorsque les cinq places sont utilis\u00e9es.<\/li><li>Le volume maximal annonc\u00e9 atteint 1\u00a0281 litres lorsque la banquette arri\u00e8re est rabattue.<\/li><li>Les motorisations essence propos\u00e9es en France s\u2019\u00e9chelonnent de 95 \u00e0 150 ch selon la version et la bo\u00eete choisie.<\/li><li>Le v\u00e9hicule reste une traction avant\u00a0: aucune version \u00e0 quatre roues motrices n\u2019est propos\u00e9e sur le march\u00e9 europ\u00e9en.<\/li><li>Apr\u00e8s l\u2019achat d\u2019un exemplaire d\u2019occasion, vous avez 30 jours pour demander le changement de titulaire sur le t\u00e9l\u00e9service gratuit <a href=\"https:\/\/ants.gouv.fr\" target=\"_blank\" rel=\"noopener\">ants.gouv.fr<\/a>, selon l\u2019article R322-5 du code de la route.<\/li><\/ul>\n\n<div id=\"ez-toc-container\" class=\"ez-toc-v2_0_87 counter-hierarchy ez-toc-counter ez-toc-grey ez-toc-container-direction\">\n<div class=\"ez-toc-title-container\">\n<p class=\"ez-toc-title\" style=\"cursor:inherit\">Sommaire<\/p>\n<span class=\"ez-toc-title-toggle\"><a href=\"#\" class=\"ez-toc-pull-right ez-toc-btn ez-toc-btn-xs ez-toc-btn-default ez-toc-toggle\" aria-label=\"Toggle Table of Content\"><span class=\"ez-toc-js-icon-con\"><span class=\"\"><span class=\"eztoc-hide\" style=\"display:none;\">Toggle<\/span><span class=\"ez-toc-icon-toggle-span\"><svg style=\"fill: #999;color:#999\" xmlns=\"http:\/\/www.w3.org\/2000\/svg\" class=\"list-377408\" width=\"20px\" height=\"20px\" viewBox=\"0 0 24 24\" fill=\"none\"><path d=\"M6 6H4v2h2V6zm14 0H8v2h12V6zM4 11h2v2H4v-2zm16 0H8v2h12v-2zM4 16h2v2H4v-2zm16 0H8v2h12v-2z\" fill=\"currentColor\"><\/path><\/svg><svg style=\"fill: #999;color:#999\" class=\"arrow-unsorted-368013\" xmlns=\"http:\/\/www.w3.org\/2000\/svg\" width=\"10px\" height=\"10px\" viewBox=\"0 0 24 24\" version=\"1.2\" baseProfile=\"tiny\"><path d=\"M18.2 9.3l-6.2-6.3-6.2 6.3c-.2.2-.3.4-.3.7s.1.5.3.7c.2.2.4.3.7.3h11c.3 0 .5-.1.7-.3.2-.2.3-.5.3-.7s-.1-.5-.3-.7zM5.8 14.7l6.2 6.3 6.2-6.3c.2-.2.3-.5.3-.7s-.1-.5-.3-.7c-.2-.2-.4-.3-.7-.3h-11c-.3 0-.5.1-.7.3-.2.2-.3.5-.3.7s.1.5.3.7z\"\/><\/svg><\/span><\/span><\/span><\/a><\/span><\/div>\n<nav><ul class='ez-toc-list ez-toc-list-level-1 eztoc-toggle-hide-by-default' ><li class='ez-toc-page-1 ez-toc-heading-level-2'><a class=\"ez-toc-link ez-toc-heading-1\" href=\"https:\/\/allotaxihorizon.fr\/blog\/t-cross-dimensions-motorisations\/#Dimensions_du_Volkswagen_T-Cross_ce_que_ses_mesures_changent_au_quotidien\" >Dimensions du Volkswagen T-Cross\u00a0: ce que ses mesures changent au quotidien<\/a><\/li><li class='ez-toc-page-1 ez-toc-heading-level-2'><a class=\"ez-toc-link ez-toc-heading-2\" href=\"https:\/\/allotaxihorizon.fr\/blog\/t-cross-dimensions-motorisations\/#Coffre_coulissant_du_T-Cross_volume_de_coffre_et_flexibilite_de_chargement\" >Coffre coulissant du T-Cross\u00a0: volume de coffre et flexibilit\u00e9 de chargement<\/a><\/li><li class='ez-toc-page-1 ez-toc-heading-level-2'><a class=\"ez-toc-link ez-toc-heading-3\" href=\"https:\/\/allotaxihorizon.fr\/blog\/t-cross-dimensions-motorisations\/#Motorisations_du_T-Cross_puissance_moteur_boites_et_transmission\" >Motorisations du T-Cross\u00a0: puissance moteur, bo\u00eetes et transmission<\/a><\/li><li class='ez-toc-page-1 ez-toc-heading-level-2'><a class=\"ez-toc-link ez-toc-heading-4\" href=\"https:\/\/allotaxihorizon.fr\/blog\/t-cross-dimensions-motorisations\/#Consommation_du_T-Cross_et_couts_dusage_selon_les_versions_essence\" >Consommation du T-Cross et co\u00fbts d\u2019usage selon les versions essence<\/a><\/li><li class='ez-toc-page-1 ez-toc-heading-level-2'><a class=\"ez-toc-link ez-toc-heading-5\" href=\"https:\/\/allotaxihorizon.fr\/blog\/t-cross-dimensions-motorisations\/#Choisir_un_T-Cross_neuf_ou_doccasion_controles_documents_et_delais\" >Choisir un T-Cross neuf ou d\u2019occasion\u00a0: contr\u00f4les, documents et d\u00e9lais<\/a><\/li><\/ul><\/nav><\/div>\n<h2 class=\"wp-block-heading\"><span class=\"ez-toc-section\" id=\"Dimensions_du_Volkswagen_T-Cross_ce_que_ses_mesures_changent_au_quotidien\"><\/span>Dimensions du Volkswagen T-Cross\u00a0: ce que ses mesures changent au quotidien<span class=\"ez-toc-section-end\"><\/span><\/h2>\n\n<p class=\"wp-block-paragraph\">Le T-Cross europ\u00e9en commercialis\u00e9 depuis le restylage de 2024 mesure <strong>4\u00a0135\u00a0mm<\/strong> de long, 1\u00a0760\u00a0mm de large hors r\u00e9troviseurs et 1\u00a0559\u00a0mm de haut. Son empattement, c\u2019est-\u00e0-dire la distance entre les essieux, est de 2\u00a0551\u00a0mm. Ces chiffres proviennent des donn\u00e9es techniques du constructeur Volkswagen pour le march\u00e9 europ\u00e9en.<\/p>\n\n<p class=\"wp-block-paragraph\">La longueur reste l\u2019\u00e9l\u00e9ment \u00e0 regarder avant toute chose si vous stationnez r\u00e9guli\u00e8rement dans un parking \u00e9troit ou dans une rue \u00e0 places courtes. Avec 4,135\u00a0m\u00e8tres, ce mod\u00e8le est plus court qu\u2019un SUV familial traditionnel, mais il d\u00e9passe nettement une citadine. Il partage sa base technique MQB A0 avec la Volkswagen Polo VI, la Seat Arona, la \u0160koda Kamiq et l\u2019Audi A1 de seconde g\u00e9n\u00e9ration.<\/p>\n\n<p class=\"wp-block-paragraph\">La premi\u00e8re version europ\u00e9enne, vendue entre 2019 et 2023, affichait 4\u00a0108\u00a0mm. Le gain de 27\u00a0mm apr\u00e8s le restylage ne modifie pas l\u2019usage du v\u00e9hicule au quotidien. Il provient principalement du dessin des boucliers. Vous devez donc v\u00e9rifier le mill\u00e9sime annonc\u00e9 dans une annonce, car certaines fiches en ligne continuent d\u2019indiquer la longueur de 4,108\u00a0m\u00e8tres pour des v\u00e9hicules plus r\u00e9cents.<\/p>\n\n<h3 class=\"wp-block-heading\">Largeur, hauteur et acc\u00e8s aux places arri\u00e8re<\/h3>\n\n<p class=\"wp-block-paragraph\">La largeur de 1,760\u00a0m\u00e8tre place le T-Cross dans la moyenne des SUV urbains. Il faut toutefois ajouter les r\u00e9troviseurs pour appr\u00e9cier la place n\u00e9cessaire dans un garage. Volkswagen communique habituellement une largeur r\u00e9troviseurs compris distincte dans les notices et catalogues, \u00e0 consulter avant de retenir une place de stationnement ferm\u00e9e.<\/p>\n\n<p class=\"wp-block-paragraph\">La hauteur de 1,559\u00a0m\u00e8tre favorise une position assise plus haute que dans une berline citadine. Cette donn\u00e9e n\u2019indique pas, \u00e0 elle seule, la garde au toit disponible. Elle donne surtout une indication sur le passage sous les barres de parking, souvent limit\u00e9es \u00e0 1,90 ou 2\u00a0m\u00e8tres. Le T-Cross n\u2019appelle donc pas de vigilance particuli\u00e8re dans les parkings ordinaires.<\/p>\n\n<p class=\"wp-block-paragraph\">L\u2019espace int\u00e9rieur d\u00e9pend davantage de l\u2019empattement et de la banquette mobile que de la hauteur ext\u00e9rieure. Avec 2,551\u00a0m\u00e8tres entre les roues, le mod\u00e8le conserve une base compacte. Les passagers arri\u00e8re disposent d\u2019un espace correct lorsque la banquette est recul\u00e9e, mais cette position r\u00e9duit imm\u00e9diatement le volume disponible pour les bagages.<\/p>\n\n<figure class=\"wp-block-table\"><table>\n<thead>\n<tr>\n<th>Mesure du T-Cross europ\u00e9en<\/th>\n<th>Valeur constructeur<\/th>\n<th>Rep\u00e8re d\u2019usage<\/th>\n<\/tr>\n<\/thead>\n<tbody>\n<tr>\n<td>Longueur phase 1, 2019-2023<\/td>\n<td>4\u00a0108\u00a0mm<\/td>\n<td>Version avant restylage<\/td>\n<\/tr>\n<tr>\n<td>Longueur phase 2, depuis 2024<\/td>\n<td>4\u00a0135\u00a0mm<\/td>\n<td>Version actuellement propos\u00e9e<\/td>\n<\/tr>\n<tr>\n<td>Largeur hors r\u00e9troviseurs<\/td>\n<td>1\u00a0760\u00a0mm<\/td>\n<td>\u00c0 compl\u00e9ter avec la largeur r\u00e9troviseurs d\u00e9ploy\u00e9s<\/td>\n<\/tr>\n<tr>\n<td>Hauteur<\/td>\n<td>1\u00a0559\u00a0mm<\/td>\n<td>Compatible avec les parkings courants<\/td>\n<\/tr>\n<tr>\n<td>Empattement<\/td>\n<td>2\u00a0551\u00a0mm<\/td>\n<td>Influe sur l\u2019espace int\u00e9rieur<\/td>\n<\/tr>\n<\/tbody>\n<\/table><\/figure>\n\n<p class=\"wp-block-paragraph\">Le v\u00e9hicule existe sous des d\u00e9clinaisons diff\u00e9rentes hors d\u2019Europe. Les T-Cross produits pour certains march\u00e9s d\u2019Am\u00e9rique latine ou d\u2019Asie peuvent \u00eatre plus longs, avec un empattement distinct. Il ne faut pas utiliser leurs mesures pour acheter un tapis de coffre, une barre de toit ou une housse destin\u00e9s \u00e0 une version fran\u00e7aise.<\/p>\n\n<p class=\"wp-block-paragraph\">La distinction est d\u2019autant plus utile sur le march\u00e9 de l\u2019occasion import\u00e9e. Une carte grise fran\u00e7aise ne garantit pas que le v\u00e9hicule corresponde exactement aux dimensions du T-Cross europ\u00e9en courant. Le certificat de conformit\u00e9, la rubrique D.2 du certificat d\u2019immatriculation et le num\u00e9ro de type permettent d\u2019identifier pr\u00e9cis\u00e9ment la variante concern\u00e9e.<\/p>\n\n<p class=\"wp-block-paragraph\">Si vous achetez un v\u00e9hicule d\u2019occasion, le vendeur doit remettre le certificat d\u2019immatriculation barr\u00e9, dat\u00e9 et sign\u00e9, le certificat de cession et un certificat de situation administrative de moins de quinze jours. La demande de changement de titulaire se d\u00e9pose gratuitement sur <a href=\"https:\/\/ants.gouv.fr\" target=\"_blank\" rel=\"noopener\">ants.gouv.fr<\/a>. Les professionnels habilit\u00e9s peuvent facturer leur intervention, sans r\u00e9duire le d\u00e9lai de traitement de l\u2019administration.<\/p>\n\n<p class=\"wp-block-paragraph\">La longueur contenue du T-Cross facilite son usage en ville, mais son int\u00e9r\u00eat pratique se joue ensuite dans l\u2019organisation du coffre et de la banquette arri\u00e8re.<\/p>\n\n\n\n<figure class=\"wp-block-image size-large\"><img loading=\"lazy\" decoding=\"async\" width=\"1536\" height=\"1024\" src=\"https:\/\/allotaxihorizon.fr\/blog\/wp-content\/uploads\/2026\/08\/coffre-suv-banquette-coulissante-chargement.jpg\" alt=\"Coffre ouvert de SUV compact avec banquette coulissante et bagages\" class=\"wp-image-287\" srcset=\"https:\/\/allotaxihorizon.fr\/blog\/wp-content\/uploads\/2026\/08\/coffre-suv-banquette-coulissante-chargement.jpg 1536w, https:\/\/allotaxihorizon.fr\/blog\/wp-content\/uploads\/2026\/08\/coffre-suv-banquette-coulissante-chargement-300x200.jpg 300w, https:\/\/allotaxihorizon.fr\/blog\/wp-content\/uploads\/2026\/08\/coffre-suv-banquette-coulissante-chargement-1024x683.jpg 1024w, https:\/\/allotaxihorizon.fr\/blog\/wp-content\/uploads\/2026\/08\/coffre-suv-banquette-coulissante-chargement-768x512.jpg 768w\" sizes=\"auto, (max-width: 1536px) 100vw, 1536px\" \/><figcaption class=\"wp-element-caption\">Illustration g\u00e9n\u00e9r\u00e9e par intelligence artificielle.<\/figcaption><\/figure>\n\n<h2 class=\"wp-block-heading\"><span class=\"ez-toc-section\" id=\"Coffre_coulissant_du_T-Cross_volume_de_coffre_et_flexibilite_de_chargement\"><\/span>Coffre coulissant du T-Cross\u00a0: volume de coffre et flexibilit\u00e9 de chargement<span class=\"ez-toc-section-end\"><\/span><\/h2>\n\n<p class=\"wp-block-paragraph\">Le coffre coulissant constitue la particularit\u00e9 la plus concr\u00e8te du T-Cross. La banquette arri\u00e8re, fractionnable en deux tiers et un tiers, peut avancer ou reculer sur environ 14\u00a0cm. Ce d\u00e9placement se fait en un seul bloc pour l\u2019assise, ce qui impose de choisir entre davantage d\u2019espace aux jambes pour les passagers arri\u00e8re et une capacit\u00e9 sup\u00e9rieure pour les bagages.<\/p>\n\n<p class=\"wp-block-paragraph\">Lorsque la banquette est plac\u00e9e vers l\u2019arri\u00e8re, Volkswagen annonce un volume de coffre de 385 litres. En avan\u00e7ant la banquette, le volume passe \u00e0 455 litres, toujours avec cinq places \u00e0 bord. La diff\u00e9rence atteint donc <strong>70 litres<\/strong>. Elle peut repr\u00e9senter un sac de voyage souple, plusieurs sacs de courses ou une poussette compacte selon ses dimensions r\u00e9elles.<\/p>\n\n<p class=\"wp-block-paragraph\">Le chiffre de 455 litres ne signifie pas que le coffre est plus grand sans contrepartie. Les occupants de la seconde rang\u00e9e perdent une partie de leur espace aux genoux. Pour un trajet court avec deux enfants ou des passagers de petite taille, ce compromis peut \u00eatre acceptable. Pour plusieurs heures de route avec des adultes \u00e0 l\u2019arri\u00e8re, il faut g\u00e9n\u00e9ralement reculer la banquette et accepter le volume de 385 litres.<\/p>\n\n<h3 class=\"wp-block-heading\">Banquette rabattue et transport d\u2019objets longs<\/h3>\n\n<p class=\"wp-block-paragraph\">Une fois les dossiers arri\u00e8re rabattus, le volume de coffre annonc\u00e9 par Volkswagen atteint 1\u00a0281 litres. Cette valeur est exprim\u00e9e selon la m\u00e9thode de mesure du constructeur et ne remplace pas les dimensions utiles au sol. Une valise rigide, un carton ou un \u00e9quipement de loisirs doit \u00eatre mesur\u00e9 avant l\u2019achat, car la forme de l\u2019ouverture et le seuil de chargement comptent autant que le volume th\u00e9orique.<\/p>\n\n<p class=\"wp-block-paragraph\">Selon les finitions et options, le dossier du si\u00e8ge passager avant peut \u00e9galement \u00eatre rabattable. Cette configuration permet de charger des objets longs. Elle ne doit pas \u00eatre pr\u00e9sum\u00e9e sur tous les T-Cross d\u2019occasion. Une annonce qui mentionne seulement une finition Life, Style ou R-Line ne suffit pas \u00e0 confirmer cet \u00e9quipement\u00a0: il faut demander la liste pr\u00e9cise des options ou examiner le v\u00e9hicule.<\/p>\n\n<p class=\"wp-block-paragraph\">La modularit\u00e9 s\u2019utilise dans un ordre simple. Il faut d\u2019abord retirer les objets pos\u00e9s sur la banquette, d\u00e9verrouiller le m\u00e9canisme de coulissement, r\u00e9gler l\u2019assise, puis v\u00e9rifier que les dossiers sont correctement verrouill\u00e9s. Le dossier 2\/3-1\/3 permet de conserver une place arri\u00e8re lorsqu\u2019une partie du chargement traverse l\u2019habitacle.<\/p>\n\n<ol class=\"wp-block-list\"><li>Placez la banquette en position recul\u00e9e si les passagers arri\u00e8re sont prioritaires.<\/li><li>Avancez-la si vous transportez des bagages nombreux et que les places arri\u00e8re restent occup\u00e9es sur un trajet court.<\/li><li>Rabattez la partie n\u00e9cessaire du dossier pour des objets plus longs, apr\u00e8s avoir retir\u00e9 les appuie-t\u00eate si la notice le demande.<\/li><li>R\u00e9partissez les charges lourdes au fond du coffre, contre le dossier arri\u00e8re.<\/li><li>Arrimez les objets susceptibles de basculer lors d\u2019un freinage ou d\u2019un changement de direction.<\/li><\/ol>\n\n<p class=\"wp-block-paragraph\">Le code de la route impose que le chargement ne g\u00eane ni la visibilit\u00e9 ni les man\u0153uvres du conducteur. Un objet d\u00e9passant \u00e0 l\u2019arri\u00e8re doit \u00eatre signal\u00e9 conform\u00e9ment \u00e0 l\u2019article R312-21 du code de la route. Le volume de coffre ne dispense donc pas de v\u00e9rifier le poids transport\u00e9, la fermeture du hayon et la stabilit\u00e9 de la charge.<\/p>\n\n<p class=\"wp-block-paragraph\">Les donn\u00e9es de coffre peuvent diff\u00e9rer entre les documents commerciaux, notamment lorsqu\u2019une roue de secours, un plancher r\u00e9glable ou un syst\u00e8me audio avec caisson prend place sous le plancher. Les 385 \u00e0 455 litres correspondent \u00e0 la configuration europ\u00e9enne communiqu\u00e9e par Volkswagen. Avant d\u2019acheter un bac de protection, mesurez le coffre de votre exemplaire plut\u00f4t que de vous fier \u00e0 une annonce g\u00e9n\u00e9rique.<\/p>\n\n<p class=\"wp-block-paragraph\">La flexibilit\u00e9 de chargement est utile parce qu\u2019elle permet d\u2019adapter le v\u00e9hicule \u00e0 un besoin pr\u00e9cis, mais elle ne transforme pas un SUV compact en v\u00e9hicule de d\u00e9m\u00e9nagement.<\/p>\n\n<figure class=\"is-provider-youtube is-type-video wp-block-embed wp-block-embed-youtube wp-embed-aspect-16-9 wp-has-aspect-ratio\"><div class=\"wp-block-embed__wrapper\">\nhttps:\/\/www.youtube.com\/watch?v=NzOp-wlgMBo\n<\/div><\/figure>\n\n<h2 class=\"wp-block-heading\"><span class=\"ez-toc-section\" id=\"Motorisations_du_T-Cross_puissance_moteur_boites_et_transmission\"><\/span>Motorisations du T-Cross\u00a0: puissance moteur, bo\u00eetes et transmission<span class=\"ez-toc-section-end\"><\/span><\/h2>\n\n<p class=\"wp-block-paragraph\">Les motorisations du T-Cross vendues en France sont des moteurs essence turbocompress\u00e9s. Le diesel, propos\u00e9 lors du lancement avec un 1.6 TDI sur certains march\u00e9s et p\u00e9riodes, a disparu de la gamme europ\u00e9enne en 2020. Pour un achat en 2026, les v\u00e9hicules neufs et les occasions r\u00e9centes rencontr\u00e9es le plus souvent reposent donc sur les blocs essence TSI.<\/p>\n\n<p class=\"wp-block-paragraph\">Le moteur d\u2019acc\u00e8s est le 1.0 TSI de 95 ch. Il s\u2019agit d\u2019un trois-cylindres de 999\u00a0cm\u00b3 associ\u00e9 \u00e0 une bo\u00eete manuelle \u00e0 cinq rapports. Volkswagen indique une puissance de 70\u00a0kW, soit 95 ch DIN. Cette version convient aux usages courants, mais son comportement d\u00e9pend de la charge embarqu\u00e9e, du relief, du nombre de passagers et de l\u2019emploi fr\u00e9quent ou non de l\u2019autoroute.<\/p>\n\n<p class=\"wp-block-paragraph\">Le 1.0 TSI a \u00e9galement exist\u00e9 en 115 ch, puis en 110 ch selon les ann\u00e9es de production. Les donn\u00e9es historiques du constructeur indiquent 200\u00a0Nm de couple pour les versions 115 ch, contre 175\u00a0Nm pour le 95 ch. La diff\u00e9rence ne se r\u00e9duit pas \u00e0 l\u2019acc\u00e9l\u00e9ration\u00a0: le couple disponible influe sur la capacit\u00e9 \u00e0 reprendre de la vitesse sans r\u00e9trograder aussi souvent.<\/p>\n\n<h3 class=\"wp-block-heading\">La version 1.5 TSI 150 ch et la bo\u00eete DSG<\/h3>\n\n<p class=\"wp-block-paragraph\">Le 1.5 TSI de 150 ch constitue la motorisation essence la plus puissante propos\u00e9e sur le T-Cross europ\u00e9en. Sa cylindr\u00e9e est de 1\u00a0498\u00a0cm\u00b3 et son couple maximal atteint 250\u00a0Nm selon les fiches techniques Volkswagen. Il peut \u00eatre associ\u00e9 \u00e0 une bo\u00eete automatique DSG \u00e0 sept rapports. Cette bo\u00eete \u00e0 double embrayage m\u00e9rite un contr\u00f4le particulier lors d\u2019un achat d\u2019occasion\u00a0: essayez le v\u00e9hicule \u00e0 froid et \u00e0 chaud, sans vous contenter d\u2019un d\u00e9marrage sur quelques centaines de m\u00e8tres.<\/p>\n\n<p class=\"wp-block-paragraph\">La transmission demeure une traction avant quelle que soit la puissance moteur. Le T-Cross ne propose pas de version 4Motion \u00e0 quatre roues motrices, la plateforme MQB A0 ne le pr\u00e9voyant pas sur ce mod\u00e8le. Les jantes disponibles vont g\u00e9n\u00e9ralement de 16 \u00e0 18 pouces selon la finition. Cette dimension peut modifier le co\u00fbt futur des pneumatiques et le confort per\u00e7u sur chauss\u00e9e d\u00e9grad\u00e9e.<\/p>\n\n<figure class=\"wp-block-table\"><table>\n<thead>\n<tr>\n<th>Motorisation<\/th>\n<th>Puissance moteur<\/th>\n<th>Bo\u00eete associ\u00e9e<\/th>\n<th>Couple annonc\u00e9<\/th>\n<\/tr>\n<\/thead>\n<tbody>\n<tr>\n<td>1.0 TSI<\/td>\n<td>95 ch \/ 70 kW<\/td>\n<td>Manuelle 5 rapports<\/td>\n<td>175 Nm<\/td>\n<\/tr>\n<tr>\n<td>1.0 TSI selon mill\u00e9sime<\/td>\n<td>110 ou 115 ch<\/td>\n<td>Manuelle 6 rapports ou DSG7<\/td>\n<td>200 Nm pour le 115 ch<\/td>\n<\/tr>\n<tr>\n<td>1.5 TSI<\/td>\n<td>150 ch \/ 110 kW<\/td>\n<td>DSG7 selon version<\/td>\n<td>250 Nm<\/td>\n<\/tr>\n<\/tbody>\n<\/table><\/figure>\n\n<p class=\"wp-block-paragraph\">La puissance administrative, exprim\u00e9e en chevaux fiscaux sur la carte grise, ne correspond pas automatiquement \u00e0 la puissance moteur affich\u00e9e en chevaux DIN. Le montant du certificat d\u2019immatriculation d\u00e9pend notamment de cette puissance fiscale, du tarif r\u00e9gional du cheval fiscal et de l\u2019\u00e2ge du v\u00e9hicule. La rubrique P.6 de la carte grise indique le nombre de chevaux fiscaux \u00e0 utiliser pour le calcul.<\/p>\n\n<p class=\"wp-block-paragraph\">Pour une occasion d\u00e9j\u00e0 immatricul\u00e9e en France, la d\u00e9marche officielle reste gratuite sur le site <a href=\"https:\/\/ants.gouv.fr\" target=\"_blank\" rel=\"noopener\">ants.gouv.fr<\/a>, hors taxes et redevances dues pour le titre. Le changement de titulaire doit \u00eatre demand\u00e9 dans les <strong>30 jours<\/strong> suivant l\u2019achat. Le retard expose \u00e0 une contravention de quatri\u00e8me classe, dont l\u2019amende forfaitaire est de 135\u00a0\u20ac, selon le code de la route et le bar\u00e8me des amendes forfaitaires en vigueur en 2026.<\/p>\n\n<p class=\"wp-block-paragraph\">Le choix entre les motorisations ne doit pas se faire sur le seul chiffre de puissance. La bo\u00eete, le kilom\u00e9trage, l\u2019entretien document\u00e9 et le type de trajets pr\u00e9vus p\u00e8sent tout autant dans la d\u00e9cision.<\/p>\n\n<figure class=\"is-provider-youtube is-type-video wp-block-embed wp-block-embed-youtube wp-embed-aspect-16-9 wp-has-aspect-ratio\"><div class=\"wp-block-embed__wrapper\">\n<iframe loading=\"lazy\" title=\"Volkswagen T-Cross (2024). Tout ce qui change sur la version restyl\u00e9e\" width=\"500\" height=\"281\" src=\"https:\/\/www.youtube.com\/embed\/9pyN2x6rLbY?feature=oembed\" frameborder=\"0\" allow=\"accelerometer; autoplay; clipboard-write; encrypted-media; gyroscope; picture-in-picture; web-share\" referrerpolicy=\"strict-origin-when-cross-origin\" allowfullscreen><\/iframe>\n<\/div><\/figure>\n\n<h2 class=\"wp-block-heading\"><span class=\"ez-toc-section\" id=\"Consommation_du_T-Cross_et_couts_dusage_selon_les_versions_essence\"><\/span>Consommation du T-Cross et co\u00fbts d\u2019usage selon les versions essence<span class=\"ez-toc-section-end\"><\/span><\/h2>\n\n<p class=\"wp-block-paragraph\">La consommation annonc\u00e9e pour le T-Cross varie selon le moteur, la bo\u00eete, les roues et le protocole de mesure appliqu\u00e9. Les anciennes donn\u00e9es constructeur de 2019, exprim\u00e9es avec les chiffres alors publi\u00e9s, indiquaient environ 4,9 \u00e0 5,1 litres aux 100\u00a0km en cycle mixte pour les versions essence 1.0 et 1.5 TSI. Ces valeurs ne doivent pas \u00eatre compar\u00e9es directement avec toutes les annonces r\u00e9centes sans v\u00e9rifier si elles rel\u00e8vent bien du protocole WLTP.<\/p>\n\n<p class=\"wp-block-paragraph\">Le configurateur Volkswagen France mentionne, pour les versions actuelles, une consommation combin\u00e9e comprise entre <strong>5,7 et 6,4 litres aux 100\u00a0km<\/strong> selon la motorisation et l\u2019\u00e9quipement. La variable principale est donc double\u00a0: le moteur choisi et la configuration exacte du v\u00e9hicule. Une finition \u00e9quip\u00e9e de roues plus grandes peut afficher une valeur sup\u00e9rieure \u00e0 celle d\u2019une finition plus sobrement chauss\u00e9e.<\/p>\n\n<p class=\"wp-block-paragraph\">Pour chiffrer un budget de carburant, il faut partir de votre kilom\u00e9trage annuel et du prix r\u00e9ellement pay\u00e9 \u00e0 la pompe. Avec une hypoth\u00e8se de 12\u00a0000\u00a0km par an et une consommation de 5,7\u00a0l\/100\u00a0km, le T-Cross utilise environ 684 litres d\u2019essence sur l\u2019ann\u00e9e. \u00c0 1,80\u00a0\u20ac le litre, hypoth\u00e8se de calcul et non tarif national, cela repr\u00e9sente 1\u00a0231,20\u00a0\u20ac.<\/p>\n\n<p class=\"wp-block-paragraph\">\u00c0 6,4\u00a0l\/100\u00a0km sur la m\u00eame distance, la consommation annuelle atteint 768 litres. Avec le m\u00eame prix hypoth\u00e9tique de 1,80\u00a0\u20ac le litre, le budget atteint 1\u00a0382,40\u00a0\u20ac. L\u2019\u00e9cart est de 151,20\u00a0\u20ac par an. Ce calcul illustre la cons\u00e9quence d\u2019une diff\u00e9rence de 0,7 litre aux 100\u00a0km\u00a0; il ne pr\u00e9juge pas de la consommation obtenue sur votre trajet.<\/p>\n\n<h3 class=\"wp-block-heading\">Poids, pneus et parcours r\u00e9el<\/h3>\n\n<p class=\"wp-block-paragraph\">Les versions du T-Cross affichent une masse \u00e0 vide comprise approximativement entre 1\u00a0195 et 1\u00a0455\u00a0kg suivant les moteurs et \u00e9quipements, d\u2019apr\u00e8s les donn\u00e9es de gamme publi\u00e9es par Volkswagen sur les diff\u00e9rentes phases. Une masse sup\u00e9rieure, une bo\u00eete automatique et des \u00e9quipements nombreux peuvent faire progresser la consommation. Le trajet quotidien intervient aussi fortement\u00a0: des parcours tr\u00e8s courts \u00e0 moteur froid consomment davantage qu\u2019un d\u00e9placement r\u00e9gulier sur route fluide.<\/p>\n\n<p class=\"wp-block-paragraph\">Le r\u00e9servoir est donn\u00e9 pour 40 litres sur les fiches techniques de la premi\u00e8re phase. Cette capacit\u00e9 donne un ordre de grandeur, mais l\u2019autonomie utile d\u00e9pend de la r\u00e9serve, de la consommation et de la mani\u00e8re dont le plein est effectu\u00e9. \u00c0 6 litres aux 100\u00a0km, 40 litres correspondent th\u00e9oriquement \u00e0 666\u00a0km. Dans la pratique, il est prudent de ne pas organiser un d\u00e9placement en comptant sur l\u2019utilisation int\u00e9grale du r\u00e9servoir.<\/p>\n\n<p class=\"wp-block-paragraph\">Les pneumatiques doivent \u00eatre remplac\u00e9s par des dimensions homologu\u00e9es pour la version concern\u00e9e. Les montes de 16, 17 ou 18 pouces ne produisent pas le m\u00eame budget. Le prix des pneus n\u2019est pas r\u00e9glement\u00e9 et varie selon la marque, l\u2019indice de charge, l\u2019indice de vitesse et le lieu de pose. Le manuel du v\u00e9hicule et l\u2019\u00e9tiquette situ\u00e9e dans l\u2019encadrement de porte indiquent les r\u00e9f\u00e9rences autoris\u00e9es.<\/p>\n\n<p class=\"wp-block-paragraph\">Un exemplaire de 2023 affichant 32\u00a0998\u00a0km a \u00e9t\u00e9 propos\u00e9 \u00e0 <strong>18\u00a0390\u00a0\u20ac<\/strong> avec une garantie de 12 mois dans une annonce professionnelle consult\u00e9e en 2026. Ce montant d\u00e9crit une offre pr\u00e9cise, pas la valeur de tous les T-Cross de m\u00eame ann\u00e9e. Le kilom\u00e9trage, la bo\u00eete, la finition, l\u2019historique d\u2019entretien et l\u2019\u00e9tat des pneus peuvent modifier fortement le prix demand\u00e9.<\/p>\n\n<p class=\"wp-block-paragraph\">La consommation doit \u00eatre lue comme un co\u00fbt de circulation parmi d\u2019autres. Un v\u00e9hicule moins puissant mais mal adapt\u00e9 \u00e0 vos trajets charg\u00e9s peut vous conduire \u00e0 rouler plus souvent \u00e0 haut r\u00e9gime, ce qui r\u00e9duit l\u2019\u00e9cart attendu.<\/p>\n\n<h2 class=\"wp-block-heading\"><span class=\"ez-toc-section\" id=\"Choisir_un_T-Cross_neuf_ou_doccasion_controles_documents_et_delais\"><\/span>Choisir un T-Cross neuf ou d\u2019occasion\u00a0: contr\u00f4les, documents et d\u00e9lais<span class=\"ez-toc-section-end\"><\/span><\/h2>\n\n<p class=\"wp-block-paragraph\">Le T-Cross a \u00e9t\u00e9 pr\u00e9sent\u00e9 en octobre 2018 et commercialis\u00e9 en France \u00e0 partir d\u2019avril 2019. Les premiers v\u00e9hicules d\u2019occasion peuvent donc avoir plusieurs ann\u00e9es de circulation. La g\u00e9n\u00e9ration restyl\u00e9e, reconnaissable notamment \u00e0 sa face avant revue et \u00e0 son bandeau lumineux arri\u00e8re, est arriv\u00e9e au d\u00e9but de 2024. Cette distinction explique certaines diff\u00e9rences de longueur, d\u2019\u00e9quipements et de pr\u00e9sentation int\u00e9rieure.<\/p>\n\n<p class=\"wp-block-paragraph\">Avant d\u2019acheter, v\u00e9rifiez l\u2019identit\u00e9 exacte du v\u00e9hicule plut\u00f4t que le seul nom commercial. Le num\u00e9ro d\u2019immatriculation permet d\u2019obtenir le rapport HistoVec, accessible gratuitement via <a href=\"https:\/\/histovec.interieur.gouv.fr\" target=\"_blank\" rel=\"noopener\">histovec.interieur.gouv.fr<\/a> lorsque le vendeur le partage. Ce document peut notamment faire appara\u00eetre des informations sur la situation administrative, les changements de titulaire et certains sinistres ayant donn\u00e9 lieu \u00e0 une proc\u00e9dure encadr\u00e9e.<\/p>\n\n<p class=\"wp-block-paragraph\">Le contr\u00f4le technique est obligatoire pour une voiture de plus de quatre ans vendue \u00e0 un particulier. Le proc\u00e8s-verbal doit dater de moins de six mois au moment de la demande d\u2019immatriculation, conform\u00e9ment \u00e0 l\u2019article R323-22 du code de la route. Si une contre-visite a \u00e9t\u00e9 prescrite, le d\u00e9lai applicable est de deux mois apr\u00e8s le contr\u00f4le d\u00e9favorable.<\/p>\n\n<h3 class=\"wp-block-heading\">Les pi\u00e8ces \u00e0 v\u00e9rifier avant de r\u00e9gler le v\u00e9hicule<\/h3>\n\n<p class=\"wp-block-paragraph\">Le certificat de cession doit \u00eatre rempli par le vendeur et l\u2019acqu\u00e9reur. Le vendeur doit d\u00e9clarer la cession dans les quinze jours sur le t\u00e9l\u00e9service officiel. Cette d\u00e9claration ne remplace pas votre obligation de demander la nouvelle carte grise dans le d\u00e9lai l\u00e9gal de 30 jours apr\u00e8s la vente.<\/p>\n\n<ul class=\"wp-block-list\"><li>Contr\u00f4lez que le certificat d\u2019immatriculation est barr\u00e9, sign\u00e9 et dat\u00e9 par le titulaire indiqu\u00e9.<\/li><li>Demandez un certificat de situation administrative datant de moins de quinze jours.<\/li><li>Examinez le proc\u00e8s-verbal de contr\u00f4le technique lorsque le v\u00e9hicule y est soumis.<\/li><li>Comparez le num\u00e9ro de s\u00e9rie visible sur le v\u00e9hicule avec celui inscrit sur les documents.<\/li><li>Demandez les factures d\u2019entretien, particuli\u00e8rement pour une version DSG.<\/li><li>V\u00e9rifiez la pr\u00e9sence de deux cl\u00e9s et des \u00e9quipements annonc\u00e9s, notamment le coffre coulissant et la cam\u00e9ra de recul.<\/li><\/ul>\n\n<p class=\"wp-block-paragraph\">Le t\u00e9l\u00e9service <a href=\"https:\/\/ants.gouv.fr\" target=\"_blank\" rel=\"noopener\">ANTS<\/a> ne facture pas l\u2019acc\u00e8s \u00e0 la d\u00e9marche. Vous paierez uniquement les taxes et redevances li\u00e9es au certificat d\u2019immatriculation, calcul\u00e9es selon votre situation. Un site priv\u00e9 peut proposer de saisir le m\u00eame dossier contre r\u00e9mun\u00e9ration. Ses frais de service s\u2019ajoutent alors au co\u00fbt officiel et ne cr\u00e9ent aucun droit \u00e0 un traitement prioritaire.<\/p>\n\n<p class=\"wp-block-paragraph\">Le d\u00e9lai de r\u00e9ception du titre d\u00e9finitif d\u00e9pend du traitement du dossier et de l\u2019absence d\u2019anomalie. Le certificat provisoire d\u2019immatriculation, lorsqu\u2019il est d\u00e9livr\u00e9 \u00e0 l\u2019issue de la d\u00e9marche, permet de circuler en France pendant un mois. Si les donn\u00e9es du vendeur ne correspondent pas, si la cession n\u2019est pas enregistr\u00e9e ou si une opposition appara\u00eet, le dossier doit \u00eatre r\u00e9gularis\u00e9 avant toute \u00e9mission du titre.<\/p>\n\n<p class=\"wp-block-paragraph\">Pour un litige sur l\u2019\u00e9tat du v\u00e9hicule, une garantie commerciale ou une panne survenue apr\u00e8s la vente, le dossier doit \u00eatre examin\u00e9 au regard du contrat, des factures et des circonstances r\u00e9elles. La plateforme SignalConso, le m\u00e9diateur comp\u00e9tent ou un professionnel du droit peuvent \u00eatre saisis selon la nature du diff\u00e9rend. Les caract\u00e9ristiques du T-Cross ne remplacent jamais les preuves n\u00e9cessaires dans un litige.<\/p>\n\n<p class=\"wp-block-paragraph\">Le bon achat repose sur des mesures v\u00e9rifi\u00e9es, un coffre adapt\u00e9 \u00e0 vos charges habituelles et des documents coh\u00e9rents avant la remise du paiement.<\/p>\n\n\n<h3>Quelle est la longueur du Volkswagen T-Cross restyl\u00e9 ?<\/h3>\n<p>Le T-Cross europ\u00e9en commercialis\u00e9 depuis 2024 mesure 4 135 mm de long. La premi\u00e8re phase vendue de 2019 \u00e0 2023 mesurait 4 108 mm.<\/p>\n<h3>Quel est le volume de coffre du T-Cross avec cinq places ?<\/h3>\n<p>Le volume de coffre varie de 385 \u00e0 455 litres selon la position de la banquette arri\u00e8re coulissante. La capacit\u00e9 maximale annonc\u00e9e atteint 1 281 litres une fois les dossiers arri\u00e8re rabattus.<\/p>\n<h3>Le T-Cross existe-t-il en diesel ou en quatre roues motrices ?<\/h3>\n<p>Les versions europ\u00e9ennes r\u00e9centes sont propos\u00e9es en essence. Le diesel a disparu de la gamme europ\u00e9enne en 2020 et le T-Cross europ\u00e9en est une traction avant, sans version quatre roues motrices.<\/p>\n<h3>Quelle d\u00e9marche effectuer apr\u00e8s l\u2019achat d\u2019un T-Cross d\u2019occasion ?<\/h3>\n<p>La demande de changement de titulaire se r\u00e9alise gratuitement sur ants.gouv.fr dans les 30 jours suivant l\u2019achat. Le vendeur doit auparavant d\u00e9clarer la cession dans les quinze jours.<\/p>\n\n","protected":false},"excerpt":{"rendered":"<p>Le Volkswagen T-Cross appartient \u00e0 la cat\u00e9gorie des SUV compacts destin\u00e9s aux trajets urbains, p\u00e9riurbains et familiaux. Sa longueur contenue facilite le stationnement, tandis que sa banquette arri\u00e8re mobile permet d\u2019arbitrer entre places arri\u00e8re et bagages. La version actuellement commercialis\u00e9e en France affiche un tarif \u00e0 partir de 28\u00a0200\u00a0\u20ac, selon le configurateur Volkswagen France consult\u00e9 [&hellip;]<\/p>\n","protected":false},"author":1,"featured_media":286,"comment_status":"open","ping_status":"closed","sticky":false,"template":"","format":"standard","meta":{"footnotes":""},"categories":[19],"tags":[],"class_list":["post-285","post","type-post","status-publish","format-standard","has-post-thumbnail","hentry","category-mobilites-douces-electrique"],"_links":{"self":[{"href":"https:\/\/allotaxihorizon.fr\/blog\/wp-json\/wp\/v2\/posts\/285","targetHints":{"allow":["GET"]}}],"collection":[{"href":"https:\/\/allotaxihorizon.fr\/blog\/wp-json\/wp\/v2\/posts"}],"about":[{"href":"https:\/\/allotaxihorizon.fr\/blog\/wp-json\/wp\/v2\/types\/post"}],"author":[{"embeddable":true,"href":"https:\/\/allotaxihorizon.fr\/blog\/wp-json\/wp\/v2\/users\/1"}],"replies":[{"embeddable":true,"href":"https:\/\/allotaxihorizon.fr\/blog\/wp-json\/wp\/v2\/comments?post=285"}],"version-history":[{"count":2,"href":"https:\/\/allotaxihorizon.fr\/blog\/wp-json\/wp\/v2\/posts\/285\/revisions"}],"predecessor-version":[{"id":289,"href":"https:\/\/allotaxihorizon.fr\/blog\/wp-json\/wp\/v2\/posts\/285\/revisions\/289"}],"wp:featuredmedia":[{"embeddable":true,"href":"https:\/\/allotaxihorizon.fr\/blog\/wp-json\/wp\/v2\/media\/286"}],"wp:attachment":[{"href":"https:\/\/allotaxihorizon.fr\/blog\/wp-json\/wp\/v2\/media?parent=285"}],"wp:term":[{"taxonomy":"category","embeddable":true,"href":"https:\/\/allotaxihorizon.fr\/blog\/wp-json\/wp\/v2\/categories?post=285"},{"taxonomy":"post_tag","embeddable":true,"href":"https:\/\/allotaxihorizon.fr\/blog\/wp-json\/wp\/v2\/tags?post=285"}],"curies":[{"name":"wp","href":"https:\/\/api.w.org\/{rel}","templated":true}]}}