{"id":290,"date":"2026-08-26T22:33:40","date_gmt":"2026-08-26T22:33:40","guid":{"rendered":"https:\/\/allotaxihorizon.fr\/blog\/fiat-multipla-design-fiarite\/"},"modified":"2026-08-26T23:39:03","modified_gmt":"2026-08-26T23:39:03","slug":"fiat-multipla-design-fiarite","status":"publish","type":"post","link":"https:\/\/allotaxihorizon.fr\/blog\/fiat-multipla-design-fiarite\/","title":{"rendered":"Fiat Multipla : histoire d&rsquo;un design et fiabilit\u00e9 r\u00e9elle"},"content":{"rendered":"<p class=\"wp-block-paragraph\">La Fiat Multipla n\u2019a jamais laiss\u00e9 indiff\u00e9rent. Produite de 1999 \u00e0 2010, elle a \u00e9t\u00e9 moqu\u00e9e pour sa silhouette mais appr\u00e9ci\u00e9e par les conducteurs qui avaient besoin de six places sans passer \u00e0 un v\u00e9hicule long et encombrant. Sur le march\u00e9 de l\u2019occasion en 2026, son achat d\u00e9pend moins de son apparence que de l\u2019\u00e9tat r\u00e9el du dossier d\u2019entretien, du contr\u00f4le technique et de la motorisation choisie.<\/p>\n\n<ul class=\"wp-block-list\"><li>La Fiat Multipla moderne a \u00e9t\u00e9 pr\u00e9sent\u00e9e en 1998 et commercialis\u00e9e \u00e0 partir de 1999.<\/li><li>Son format de <strong>3,99 m\u00e8tres<\/strong> associait six si\u00e8ges individuels et une largeur inhabituelle de 1,87 m\u00e8tre.<\/li><li>Le restylage lanc\u00e9 en 2004 a adouci la face avant sans modifier la logique int\u00e9rieure du mod\u00e8le.<\/li><li>La fiabilit\u00e9 voiture d\u00e9pend surtout de l\u2019entretien du train avant, de l\u2019embrayage, de l\u2019\u00e9lectronique et, sur diesel, de l\u2019usage effectu\u00e9.<\/li><li>Une Multipla de plus de dix ans b\u00e9n\u00e9ficie d\u2019une r\u00e9duction de moiti\u00e9 sur la taxe r\u00e9gionale de carte grise, selon l\u2019article 1599 sexdecies du Code g\u00e9n\u00e9ral des imp\u00f4ts.<\/li><\/ul>\n\n<div id=\"ez-toc-container\" class=\"ez-toc-v2_0_87 counter-hierarchy ez-toc-counter ez-toc-grey ez-toc-container-direction\">\n<div class=\"ez-toc-title-container\">\n<p class=\"ez-toc-title\" style=\"cursor:inherit\">Sommaire<\/p>\n<span class=\"ez-toc-title-toggle\"><a href=\"#\" class=\"ez-toc-pull-right ez-toc-btn ez-toc-btn-xs ez-toc-btn-default ez-toc-toggle\" aria-label=\"Toggle Table of Content\"><span class=\"ez-toc-js-icon-con\"><span class=\"\"><span class=\"eztoc-hide\" style=\"display:none;\">Toggle<\/span><span class=\"ez-toc-icon-toggle-span\"><svg style=\"fill: #999;color:#999\" xmlns=\"http:\/\/www.w3.org\/2000\/svg\" class=\"list-377408\" width=\"20px\" height=\"20px\" viewBox=\"0 0 24 24\" fill=\"none\"><path d=\"M6 6H4v2h2V6zm14 0H8v2h12V6zM4 11h2v2H4v-2zm16 0H8v2h12v-2zM4 16h2v2H4v-2zm16 0H8v2h12v-2z\" fill=\"currentColor\"><\/path><\/svg><svg style=\"fill: #999;color:#999\" class=\"arrow-unsorted-368013\" xmlns=\"http:\/\/www.w3.org\/2000\/svg\" width=\"10px\" height=\"10px\" viewBox=\"0 0 24 24\" version=\"1.2\" baseProfile=\"tiny\"><path d=\"M18.2 9.3l-6.2-6.3-6.2 6.3c-.2.2-.3.4-.3.7s.1.5.3.7c.2.2.4.3.7.3h11c.3 0 .5-.1.7-.3.2-.2.3-.5.3-.7s-.1-.5-.3-.7zM5.8 14.7l6.2 6.3 6.2-6.3c.2-.2.3-.5.3-.7s-.1-.5-.3-.7c-.2-.2-.4-.3-.7-.3h-11c-.3 0-.5.1-.7.3-.2.2-.3.5-.3.7s.1.5.3.7z\"\/><\/svg><\/span><\/span><\/span><\/a><\/span><\/div>\n<nav><ul class='ez-toc-list ez-toc-list-level-1 eztoc-toggle-hide-by-default' ><li class='ez-toc-page-1 ez-toc-heading-level-2'><a class=\"ez-toc-link ez-toc-heading-1\" href=\"https:\/\/allotaxihorizon.fr\/blog\/fiat-multipla-design-fiarite\/#Fiat_Multipla_lhistoire_Fiat_dun_design_automobile_qui_refusait_les_habitudes\" >Fiat Multipla : l\u2019histoire Fiat d\u2019un design automobile qui refusait les habitudes<\/a><\/li><li class='ez-toc-page-1 ez-toc-heading-level-2'><a class=\"ez-toc-link ez-toc-heading-2\" href=\"https:\/\/allotaxihorizon.fr\/blog\/fiat-multipla-design-fiarite\/#Pourquoi_lergonomie_automobile_de_la_Fiat_Multipla_reste_singuliere\" >Pourquoi l\u2019ergonomie automobile de la Fiat Multipla reste singuli\u00e8re<\/a><\/li><li class='ez-toc-page-1 ez-toc-heading-level-2'><a class=\"ez-toc-link ez-toc-heading-3\" href=\"https:\/\/allotaxihorizon.fr\/blog\/fiat-multipla-design-fiarite\/#Fiabilite_voiture_de_la_Fiat_Multipla_ce_quun_controle_avant_achat_doit_etablir\" >Fiabilit\u00e9 voiture de la Fiat Multipla : ce qu\u2019un contr\u00f4le avant achat doit \u00e9tablir<\/a><\/li><li class='ez-toc-page-1 ez-toc-heading-level-2'><a class=\"ez-toc-link ez-toc-heading-4\" href=\"https:\/\/allotaxihorizon.fr\/blog\/fiat-multipla-design-fiarite\/#Diesel_essence_et_gaz_consommation_energie_et_contraintes_dusage\" >Diesel, essence et gaz : consommation \u00e9nergie et contraintes d\u2019usage<\/a><\/li><li class='ez-toc-page-1 ez-toc-heading-level-2'><a class=\"ez-toc-link ez-toc-heading-5\" href=\"https:\/\/allotaxihorizon.fr\/blog\/fiat-multipla-design-fiarite\/#Fiat_Multipla_doccasion_en_2026_acheter_un_modele_atypique_sans_negliger_les_regles\" >Fiat Multipla d\u2019occasion en 2026 : acheter un mod\u00e8le atypique sans n\u00e9gliger les r\u00e8gles<\/a><\/li><\/ul><\/nav><\/div>\n<h2 class=\"wp-block-heading\"><span class=\"ez-toc-section\" id=\"Fiat_Multipla_lhistoire_Fiat_dun_design_automobile_qui_refusait_les_habitudes\"><\/span>Fiat Multipla : l\u2019histoire Fiat d\u2019un design automobile qui refusait les habitudes<span class=\"ez-toc-section-end\"><\/span><\/h2>\n\n<p class=\"wp-block-paragraph\">La Fiat Multipla contemporaine arrive \u00e0 une p\u00e9riode o\u00f9 le monospace familial est d\u00e9j\u00e0 install\u00e9 dans le paysage fran\u00e7ais. Le Renault Sc\u00e9nic, lanc\u00e9 en 1996, et le Citro\u00ebn Xsara Picasso, apparu en 1999, r\u00e9pondent \u00e0 une demande claire : transporter une famille avec davantage de souplesse qu\u2019une berline classique. Fiat choisit pourtant une voie beaucoup plus radicale.<\/p>\n\n<p class=\"wp-block-paragraph\">Pr\u00e9sent\u00e9e en 1998 puis vendue de 1999 \u00e0 2010, la Multipla de type 186 ne reprend pas les proportions attendues d\u2019un monospace. Sa carrosserie est courte, tr\u00e8s large et particuli\u00e8rement vitr\u00e9e. Le regard se fixe d\u2019abord sur son avant \u00e0 deux niveaux, avec des feux plac\u00e9s au pied du pare-brise et d\u2019autres projecteurs plus bas dans le bouclier. Cette architecture visuelle a suscit\u00e9 des r\u00e9actions parfois brutales, au point de faire du mod\u00e8le une r\u00e9f\u00e9rence culturelle du design automobile controvers\u00e9.<\/p>\n\n<p class=\"wp-block-paragraph\">Cette apparence n\u2019est pas le r\u00e9sultat d\u2019une recherche de provocation gratuite. Le projet r\u00e9pondait \u00e0 une contrainte pr\u00e9cise : proposer six places dans une voiture compacte. Le dessinateur Roberto Giolito a privil\u00e9gi\u00e9 les volumes utiles, la visibilit\u00e9 et la largeur int\u00e9rieure. Le pare-brise tr\u00e8s avanc\u00e9, les montants fins et les surfaces vitr\u00e9es \u00e9lev\u00e9es donnent un habitacle lumineux, mais expliquent aussi cette face avant qui ne ressemble \u00e0 aucune autre voiture de s\u00e9rie de l\u2019\u00e9poque.<\/p>\n\n<p class=\"wp-block-paragraph\">La Multipla reprend le nom d\u2019un mod\u00e8le Fiat plus ancien. La 600 Multipla, lanc\u00e9e en 1956, \u00e9tait d\u00e9j\u00e0 con\u00e7ue pour transporter plusieurs personnes dans une longueur r\u00e9duite. La filiation n\u2019est donc pas seulement commerciale. Dans les deux cas, l\u2019histoire Fiat montre une m\u00eame priorit\u00e9 : placer les passagers et leurs besoins avant l\u2019\u00e9l\u00e9gance conventionnelle de la carrosserie.<\/p>\n\n<p class=\"wp-block-paragraph\">Le mod\u00e8le de 1999 a fait le choix d\u2019une carrosserie qui exprime directement sa fonction. Les vitres lat\u00e9rales tr\u00e8s verticales donnent de l\u2019espace aux \u00e9paules. Le pavillon haut \u00e9vite la sensation d\u2019\u00eatre tass\u00e9. La largeur permet trois si\u00e8ges \u00e0 l\u2019avant, alors que la plupart des voitures familiales de la p\u00e9riode limitaient cette rang\u00e9e \u00e0 deux places. Cette logique est au c\u0153ur de son innovation design.<\/p>\n\n<p class=\"wp-block-paragraph\">Fiat a tent\u00e9 de corriger l\u2019image du v\u00e9hicule \u00e0 partir de 2004. Le restylage abandonne les optiques sup\u00e9rieures distinctives et adopte une face avant plus classique. La marque cherchait ainsi \u00e0 rassurer une client\u00e8le qui associait parfois l\u2019originalit\u00e9 \u00e0 un choix difficile \u00e0 assumer au quotidien. Le changement ne remet toutefois pas en cause les dimensions g\u00e9n\u00e9rales, la configuration int\u00e9rieure ni l\u2019objectif de polyvalence.<\/p>\n\n<p class=\"wp-block-paragraph\">La production s\u2019arr\u00eate le 31 d\u00e9cembre 2010. Cette date est notamment reprise par les historiques de mod\u00e8le publi\u00e9s dans les bases automobiles g\u00e9n\u00e9ralistes et par les archives de la presse sp\u00e9cialis\u00e9e. Elle co\u00efncide avec le recul progressif des monospaces compacts face aux crossovers et SUV. Ceux-ci ont souvent une silhouette plus consensuelle, mais ils n\u2019offrent pas toujours le m\u00eame rapport entre longueur ext\u00e9rieure et nombre de places.<\/p>\n\n<p class=\"wp-block-paragraph\">Vous trouverez encore aujourd\u2019hui des Multipla dont l\u2019aspect provoque un sourire ou une r\u00e9action imm\u00e9diate. Cet effet ne doit pas masquer la coh\u00e9rence du projet initial. La carrosserie ne cherche pas \u00e0 dissimuler le volume n\u00e9cessaire aux six occupants : elle le revendique, ce qui explique \u00e0 la fois son rejet initial et sa reconnaissance tardive.<\/p>\n\n\n\n<figure class=\"wp-block-image size-large\"><img loading=\"lazy\" decoding=\"async\" width=\"1536\" height=\"1024\" src=\"https:\/\/allotaxihorizon.fr\/blog\/wp-content\/uploads\/2026\/08\/monospace-avant-phares-design-original.jpg\" alt=\"Avant d&apos;un monospace original avec phares et pare-brise\" class=\"wp-image-292\" srcset=\"https:\/\/allotaxihorizon.fr\/blog\/wp-content\/uploads\/2026\/08\/monospace-avant-phares-design-original.jpg 1536w, https:\/\/allotaxihorizon.fr\/blog\/wp-content\/uploads\/2026\/08\/monospace-avant-phares-design-original-300x200.jpg 300w, https:\/\/allotaxihorizon.fr\/blog\/wp-content\/uploads\/2026\/08\/monospace-avant-phares-design-original-1024x683.jpg 1024w, https:\/\/allotaxihorizon.fr\/blog\/wp-content\/uploads\/2026\/08\/monospace-avant-phares-design-original-768x512.jpg 768w\" sizes=\"auto, (max-width: 1536px) 100vw, 1536px\" \/><figcaption class=\"wp-element-caption\">Illustration g\u00e9n\u00e9r\u00e9e par intelligence artificielle.<\/figcaption><\/figure>\n\n<h2 class=\"wp-block-heading\"><span class=\"ez-toc-section\" id=\"Pourquoi_lergonomie_automobile_de_la_Fiat_Multipla_reste_singuliere\"><\/span>Pourquoi l\u2019ergonomie automobile de la Fiat Multipla reste singuli\u00e8re<span class=\"ez-toc-section-end\"><\/span><\/h2>\n\n<p class=\"wp-block-paragraph\">L\u2019int\u00e9r\u00eat pratique de la Fiat Multipla se mesure d\u2019abord \u00e0 son gabarit. Avec une longueur de 3,99 m\u00e8tres pour environ 1,87 m\u00e8tre de large, elle reste plus courte que de nombreuses berlines familiales actuelles. Cette largeur est la donn\u00e9e qui change tout. Elle permet de placer trois si\u00e8ges ind\u00e9pendants de front, aussi bien \u00e0 l\u2019avant qu\u2019\u00e0 l\u2019arri\u00e8re.<\/p>\n\n<p class=\"wp-block-paragraph\">La disposition 3+3 n\u2019est pas une banquette con\u00e7ue pour d\u00e9panner occasionnellement. Chaque occupant dispose d\u2019un si\u00e8ge individuel, avec un dossier propre et une assise distincte. Le si\u00e8ge central avant est l\u00e9g\u00e8rement d\u00e9cal\u00e9 vers l\u2019arri\u00e8re afin de pr\u00e9server un d\u00e9gagement acceptable entre les \u00e9paules. Cette solution para\u00eet \u00e9vidente sur le papier, mais elle demeure rare dans l\u2019automobile de grande s\u00e9rie.<\/p>\n\n<p class=\"wp-block-paragraph\">La largeur pr\u00e9sente aussi une contrepartie concr\u00e8te. En ville, une voiture de 1,87 m\u00e8tre exige davantage d\u2019attention dans les parkings \u00e9troits et dans certaines places d\u00e9limit\u00e9es pour des v\u00e9hicules plus fins. La Multipla reste courte \u00e0 garer en longueur, mais ses porti\u00e8res et son rayon de braquage doivent \u00eatre v\u00e9rifi\u00e9s lors d\u2019un essai. L\u2019usage quotidien ne se r\u00e9sume pas au nombre de si\u00e8ges.<\/p>\n\n<h3 class=\"wp-block-heading\">Six places sans transformer la voiture compacte en minibus<\/h3>\n\n<p class=\"wp-block-paragraph\">Lorsque les six si\u00e8ges sont en place, le coffre demeure exploitable pour des courses, des sacs ou des bagages l\u00e9gers. Fiat communiquait \u00e0 l\u2019\u00e9poque sur un volume de coffre proche de 430 litres selon la configuration retenue et la m\u00e9thode de mesure. Les chiffres de volume peuvent varier selon les catalogues et les normes employ\u00e9es ; il faut donc regarder directement le plancher de chargement et l\u2019\u00e9tat des si\u00e8ges plut\u00f4t que se fier \u00e0 une seule valeur publicitaire.<\/p>\n\n<p class=\"wp-block-paragraph\">Les si\u00e8ges arri\u00e8re peuvent \u00eatre rabattus ou d\u00e9pos\u00e9s afin d\u2019adapter l\u2019espace \u00e0 un objet long ou encombrant. Leur manipulation m\u00e9rite une v\u00e9rification attentive sur une voiture d\u2019occasion. Une assise lourde, un verrouillage incomplet ou une poign\u00e9e d\u00e9t\u00e9rior\u00e9e ne rendent pas le v\u00e9hicule inutilisable, mais ils r\u00e9duisent pr\u00e9cis\u00e9ment la qualit\u00e9 qui a justifi\u00e9 son achat.<\/p>\n\n<p class=\"wp-block-paragraph\">La visibilit\u00e9 est un autre point fort. La position de conduite est relativement haute, le pare-brise est vaste et les vitrages lat\u00e9raux limitent les angles morts habituels d\u2019un monospace. Cette ergonomie automobile r\u00e9duit la sensation d\u2019enfermement et facilite l\u2019anticipation dans la circulation dense. Elle ne remplace jamais le contr\u00f4le des r\u00e9troviseurs ni l\u2019attention aux cyclistes, surtout avec une carrosserie large.<\/p>\n\n<p class=\"wp-block-paragraph\">Les rangements font \u00e9galement partie de la conception. Vide-poches, compartiments dans les portes, espaces sous certains si\u00e8ges et planche de bord \u00e9tendue r\u00e9pondent \u00e0 un besoin ordinaire : \u00e9viter que les objets du trajet se retrouvent entre les p\u00e9dales ou sur les assises. Une inspection int\u00e9rieure doit donc porter sur les trappes, les charni\u00e8res et les fermetures, souvent n\u00e9glig\u00e9es dans les annonces.<\/p>\n\n<figure class=\"wp-block-table\"><table>\n<thead>\n<tr>\n<th>\u00c9l\u00e9ment compar\u00e9<\/th>\n<th>Fiat Multipla 1999-2010<\/th>\n<th>Cons\u00e9quence pratique<\/th>\n<\/tr>\n<\/thead>\n<tbody>\n<tr>\n<td>Longueur ext\u00e9rieure<\/td>\n<td>3,99 m<\/td>\n<td>Stationnement plus simple qu\u2019avec un grand monospace<\/td>\n<\/tr>\n<tr>\n<td>Largeur ext\u00e9rieure<\/td>\n<td>Environ 1,87 m<\/td>\n<td>Habitacle large, vigilance dans les parkings \u00e9troits<\/td>\n<\/tr>\n<tr>\n<td>Nombre de si\u00e8ges<\/td>\n<td>6 si\u00e8ges individuels<\/td>\n<td>Trois v\u00e9ritables places dans chaque rang\u00e9e<\/td>\n<\/tr>\n<tr>\n<td>Architecture int\u00e9rieure<\/td>\n<td>Disposition 3+3<\/td>\n<td>Modularit\u00e9 diff\u00e9rente des monospaces \u00e0 banquette arri\u00e8re<\/td>\n<\/tr>\n<\/tbody>\n<\/table><\/figure>\n\n<p class=\"wp-block-paragraph\">Cette configuration explique pourquoi la Multipla garde une client\u00e8le fid\u00e8le. Elle ne convient pas \u00e0 tous les usages, notamment lorsque la largeur est un obstacle r\u00e9gulier, mais elle r\u00e9pond avec m\u00e9thode \u00e0 une situation que les SUV ne r\u00e9solvent pas automatiquement : transporter six personnes sans conduire un v\u00e9hicule de plus de 4,50 m\u00e8tres.<\/p>\n\n<figure class=\"is-provider-youtube is-type-video wp-block-embed wp-block-embed-youtube wp-embed-aspect-16-9 wp-has-aspect-ratio\"><div class=\"wp-block-embed__wrapper\">\n<iframe loading=\"lazy\" title=\"Quand le moche devient culte : le Fiat Multipla\" width=\"500\" height=\"281\" src=\"https:\/\/www.youtube.com\/embed\/WxeSpRQEoF4?feature=oembed\" frameborder=\"0\" allow=\"accelerometer; autoplay; clipboard-write; encrypted-media; gyroscope; picture-in-picture; web-share\" referrerpolicy=\"strict-origin-when-cross-origin\" allowfullscreen><\/iframe>\n<\/div><\/figure>\n\n<h2 class=\"wp-block-heading\"><span class=\"ez-toc-section\" id=\"Fiabilite_voiture_de_la_Fiat_Multipla_ce_quun_controle_avant_achat_doit_etablir\"><\/span>Fiabilit\u00e9 voiture de la Fiat Multipla : ce qu\u2019un contr\u00f4le avant achat doit \u00e9tablir<span class=\"ez-toc-section-end\"><\/span><\/h2>\n\n<p class=\"wp-block-paragraph\">La fiabilit\u00e9 voiture ne se d\u00e9duit ni de la r\u00e9putation d\u2019un mod\u00e8le ni du kilom\u00e9trage affich\u00e9 seul. Une Fiat Multipla est d\u00e9sormais une automobile ancienne, puisque les derniers exemplaires ont quitt\u00e9 les cha\u00eenes en 2010. En 2026, l\u2019\u00e2ge des pi\u00e8ces, la qualit\u00e9 des r\u00e9parations pr\u00e9c\u00e9dentes et la coh\u00e9rence des factures sont souvent plus d\u00e9terminants que le choix esth\u00e9tique entre la premi\u00e8re carrosserie et le restylage.<\/p>\n\n<p class=\"wp-block-paragraph\">Les versions essence utilisent notamment le moteur Fiat 1.6 16 soupapes, tandis que les versions diesel les plus courantes re\u00e7oivent le 1.9 JTD, d\u00e9clin\u00e9 selon les ann\u00e9es en plusieurs niveaux de puissance. Fiat a aussi propos\u00e9 des bicarburations au gaz naturel comprim\u00e9, au GPL ou au bio\u00e9thanol selon les march\u00e9s et les p\u00e9riodes. Une annonce doit indiquer clairement l\u2019\u00e9nergie figurant sur le certificat d\u2019immatriculation, et non seulement la mention approximative d\u2019un carburant utilis\u00e9 par le propri\u00e9taire.<\/p>\n\n<h3 class=\"wp-block-heading\">Les documents comptent autant que le moteur Fiat<\/h3>\n\n<p class=\"wp-block-paragraph\">Avant tout d\u00e9placement, demandez le proc\u00e8s-verbal du contr\u00f4le technique de moins de six mois lorsqu\u2019il s\u2019agit d\u2019une vente entre particuliers. Cette obligation r\u00e9sulte de l\u2019article R323-22 du Code de la route pour un v\u00e9hicule de plus de quatre ans. Le vendeur doit aussi remettre le certificat de cession, le certificat d\u2019immatriculation barr\u00e9 et sign\u00e9, ainsi qu\u2019un certificat de situation administrative datant de moins de quinze jours.<\/p>\n\n<ol class=\"wp-block-list\"><li>V\u00e9rifiez que le num\u00e9ro d\u2019immatriculation, le num\u00e9ro de s\u00e9rie et l\u2019identit\u00e9 du vendeur concordent sur les documents pr\u00e9sent\u00e9s.<\/li><li>Examinez les factures concernant la distribution, les freins, l\u2019embrayage, les pneus et les r\u00e9parations du train roulant.<\/li><li>Contr\u00f4lez le fonctionnement des vitres, de la ventilation, de la climatisation, des t\u00e9moins du tableau de bord et des fermetures.<\/li><li>Observez le d\u00e9marrage \u00e0 froid et l\u2019absence de fum\u00e9e anormale, sans conclure seul \u00e0 une panne pr\u00e9cise.<\/li><li>Faites examiner le v\u00e9hicule par un professionnel si le dossier est incomplet ou si un d\u00e9faut persiste pendant l\u2019essai.<\/li><\/ol>\n\n<p class=\"wp-block-paragraph\">Sur les diesels, l\u2019usage exclusivement urbain peut acc\u00e9l\u00e9rer l\u2019encrassement de certains organes li\u00e9s \u00e0 l\u2019admission et \u00e0 l\u2019\u00e9chappement. Sur toutes les versions, une suspension fatigu\u00e9e, des biellettes, des silentblocs ou des roulements us\u00e9s peuvent produire des bruits sur route d\u00e9grad\u00e9e. Ces \u00e9l\u00e9ments rel\u00e8vent de l\u2019usure courante d\u2019un v\u00e9hicule de cet \u00e2ge ; leur pr\u00e9sence doit cependant \u00eatre chiffr\u00e9e par un garage avant signature.<\/p>\n\n<p class=\"wp-block-paragraph\">Les difficult\u00e9s \u00e9lectriques doivent \u00eatre prises au s\u00e9rieux. Une alerte moteur, un voyant d\u2019airbag ou une commande d\u2019accessoire intermittente peut provenir d\u2019une cause limit\u00e9e comme d\u2019un d\u00e9faut plus long \u00e0 localiser. Les reviews automobile utiles d\u00e9crivent des exp\u00e9riences individuelles ; elles ne remplacent ni un diagnostic ni les preuves d\u2019entretien. Un v\u00e9hicule entretenu avec des factures continues offre une base plus solide qu\u2019un exemplaire affichant peu de kilom\u00e8tres sans historique.<\/p>\n\n<p class=\"wp-block-paragraph\">Le prix de la carte grise d\u00e9pend de la r\u00e9gion, de la puissance fiscale et de l\u2019\u00e9nergie d\u00e9clar\u00e9e. Pour une voiture de plus de dix ans, la taxe r\u00e9gionale est r\u00e9duite de moiti\u00e9 conform\u00e9ment \u00e0 l\u2019article 1599 sexdecies du Code g\u00e9n\u00e9ral des imp\u00f4ts. Le montant final reste \u00e0 calculer au moment de la demande, car le prix du cheval fiscal est vot\u00e9 par chaque conseil r\u00e9gional et peut \u00e9voluer chaque ann\u00e9e.<\/p>\n\n<p class=\"wp-block-paragraph\">La demande de changement de titulaire se fait gratuitement sur le t\u00e9l\u00e9service officiel <a href=\"https:\/\/ants.gouv.fr\/\" target=\"_blank\" rel=\"noopener\">ants.gouv.fr<\/a>. Vous avez <strong>30 jours<\/strong> apr\u00e8s l\u2019achat pour faire \u00e9tablir le certificat d\u2019immatriculation \u00e0 votre nom, selon l\u2019article R322-5 du Code de la route. Un prestataire priv\u00e9 peut facturer la saisie, mais il ne raccourcit pas le traitement de l\u2019administration et ne dispense pas de fournir les m\u00eames pi\u00e8ces.<\/p>\n\n<p class=\"wp-block-paragraph\">Sur une Multipla, un contr\u00f4le m\u00e9thodique vaut mieux qu\u2019une promesse de \u00ab v\u00e9hicule fiable \u00bb. La facture qui atteste une intervention r\u00e9cente, la date exacte du contr\u00f4le technique et l\u2019identit\u00e9 v\u00e9rifiable du vendeur ont davantage de poids qu\u2019un commentaire favorable dans une annonce.<\/p>\n\n<h2 class=\"wp-block-heading\"><span class=\"ez-toc-section\" id=\"Diesel_essence_et_gaz_consommation_energie_et_contraintes_dusage\"><\/span>Diesel, essence et gaz : consommation \u00e9nergie et contraintes d\u2019usage<span class=\"ez-toc-section-end\"><\/span><\/h2>\n\n<p class=\"wp-block-paragraph\">La question de la consommation \u00e9nergie doit \u00eatre s\u00e9par\u00e9e de celle de la fiabilit\u00e9. Un diesel peut sembler avantageux sur route si son usage est r\u00e9gulier et suffisamment long. Il devient moins adapt\u00e9 lorsqu\u2019il ne parcourt que de tr\u00e8s courts trajets urbains, surtout sur un v\u00e9hicule ancien dont les syst\u00e8mes de d\u00e9pollution et l\u2019admission demandent une surveillance suivie.<\/p>\n\n<p class=\"wp-block-paragraph\">Le 1.9 JTD est la motorisation que l\u2019on rencontre fr\u00e9quemment dans les annonces fran\u00e7aises. Son agr\u00e9ment \u00e0 bas r\u00e9gime et son couple r\u00e9pondent bien \u00e0 la vocation charg\u00e9e du v\u00e9hicule. Cela ne permet pas d\u2019affirmer qu\u2019un exemplaire donn\u00e9 est sain. Le suivi de la distribution, de l\u2019embrayage, des injecteurs et des \u00e9l\u00e9ments p\u00e9riph\u00e9riques doit \u00eatre \u00e9tabli par factures, avec un kilom\u00e9trage et une date.<\/p>\n\n<p class=\"wp-block-paragraph\">Le moteur Fiat 1.6 essence convient davantage \u00e0 un conducteur qui privil\u00e9gie la simplicit\u00e9 m\u00e9canique relative et des parcours vari\u00e9s. Il faut n\u00e9anmoins pr\u00e9voir une consommation g\u00e9n\u00e9ralement plus \u00e9lev\u00e9e lorsque la voiture transporte six personnes ou circule sur autoroute. Les donn\u00e9es NEDC publi\u00e9es \u00e0 l\u2019\u00e9poque ne refl\u00e8tent pas exactement les usages de 2026, car ce protocole ancien \u00e9tait \u00e9tabli en laboratoire. Pour votre budget, partez des relev\u00e9s r\u00e9els du propri\u00e9taire et des tickets de carburant disponibles.<\/p>\n\n<blockquote class=\"wp-block-quote is-layout-flow wp-block-quote-is-layout-flow\"><p>\u00ab Le certificat d\u2019immatriculation est \u00e9tabli dans le mois qui suit l\u2019acquisition d\u2019un v\u00e9hicule. \u00bb Cette r\u00e8gle d\u00e9coule de l\u2019article R322-5 du Code de la route, qui fixe le d\u00e9lai applicable au changement de titulaire.<\/p><\/blockquote>\n\n<p class=\"wp-block-paragraph\">Les versions bicarburation demandent une attention distincte. Une Multipla GPL ou GNV ne doit pas \u00eatre achet\u00e9e sur la seule promesse d\u2019un carburant moins co\u00fbteux. Il faut v\u00e9rifier l\u2019\u00e9tat du r\u00e9servoir, les dates de contr\u00f4le \u00e9ventuellement applicables, les documents d\u2019homologation et la disponibilit\u00e9 locale des stations correspondant au carburant inscrit sur la carte grise. Ces points varient selon l\u2019installation et ne peuvent pas \u00eatre tranch\u00e9s sans dossier technique.<\/p>\n\n<p class=\"wp-block-paragraph\">La classification Crit\u2019Air d\u00e9pend de la norme Euro, de l\u2019\u00e9nergie et de la date de premi\u00e8re immatriculation. Une vignette Crit\u2019Air co\u00fbte <strong>3,81 euros<\/strong> livraison comprise en France m\u00e9tropolitaine en 2026, selon le site officiel <a href=\"https:\/\/www.certificat-air.gouv.fr\/\" target=\"_blank\" rel=\"noopener\">certificat-air.gouv.fr<\/a>. Une Multipla diesel ancienne peut recevoir une cat\u00e9gorie moins favorable qu\u2019une essence de m\u00eame p\u00e9riode, ce qui doit \u00eatre v\u00e9rifi\u00e9 avant un achat destin\u00e9 \u00e0 des trajets dans des zones \u00e0 faibles \u00e9missions.<\/p>\n\n<p class=\"wp-block-paragraph\">Le co\u00fbt d\u2019usage ne d\u00e9pend donc pas seulement des litres consomm\u00e9s. Il comprend la disponibilit\u00e9 du carburant, les restrictions locales \u00e9ventuelles, les r\u00e9parations pr\u00e9visibles et l\u2019assurance. La prime d\u2019assurance ne peut pas \u00eatre annonc\u00e9e \u00e0 l\u2019avance sans conna\u00eetre votre profil, votre bonus-malus et votre lieu de stationnement ; seul un assureur peut chiffrer votre contrat r\u00e9el.<\/p>\n\n<p class=\"wp-block-paragraph\">Une comparaison utile oppose deux usages, pas deux r\u00e9putations. Pour de longues distances r\u00e9guli\u00e8res, un diesel bien entretenu peut avoir du sens. Pour des trajets brefs, des d\u00e9marrages r\u00e9p\u00e9t\u00e9s et une circulation principalement urbaine, une essence document\u00e9e et compatible avec les r\u00e8gles locales peut \u00e9viter des d\u00e9penses li\u00e9es \u00e0 un usage mal adapt\u00e9.<\/p>\n\n<figure class=\"is-provider-youtube is-type-video wp-block-embed wp-block-embed-youtube wp-embed-aspect-16-9 wp-has-aspect-ratio\"><div class=\"wp-block-embed__wrapper\">\n<iframe loading=\"lazy\" title=\"Fiat Multipla - Tout ce qu&amp;apos;il faut savoir sur son histoire\uff5cRetroviseur\uff5c EP. 07\" width=\"500\" height=\"281\" src=\"https:\/\/www.youtube.com\/embed\/SsSdTB2qk6c?feature=oembed\" frameborder=\"0\" allow=\"accelerometer; autoplay; clipboard-write; encrypted-media; gyroscope; picture-in-picture; web-share\" referrerpolicy=\"strict-origin-when-cross-origin\" allowfullscreen><\/iframe>\n<\/div><\/figure>\n\n<h2 class=\"wp-block-heading\"><span class=\"ez-toc-section\" id=\"Fiat_Multipla_doccasion_en_2026_acheter_un_modele_atypique_sans_negliger_les_regles\"><\/span>Fiat Multipla d\u2019occasion en 2026 : acheter un mod\u00e8le atypique sans n\u00e9gliger les r\u00e8gles<span class=\"ez-toc-section-end\"><\/span><\/h2>\n\n<p class=\"wp-block-paragraph\">La Multipla attire parfois par un tarif d\u2019affichage bas, mais ce montant ne doit pas devenir le seul crit\u00e8re. Une automobile produite entre 1999 et 2010 peut n\u00e9cessiter une remise \u00e0 niveau imm\u00e9diate. Les pneumatiques \u00e2g\u00e9s, les freins, les amortisseurs, les fluides et une distribution non justifi\u00e9e peuvent absorber rapidement l\u2019\u00e9cart entre deux annonces.<\/p>\n\n<p class=\"wp-block-paragraph\">Le contr\u00f4le technique ne garantit pas l\u2019absence de d\u00e9pense future. Il signale l\u2019\u00e9tat observ\u00e9 \u00e0 la date de la visite, suivant des d\u00e9faillances r\u00e9pertori\u00e9es. Consultez le proc\u00e8s-verbal dans son int\u00e9gralit\u00e9, y compris les d\u00e9faillances mineures. Une contre-visite, lorsqu\u2019elle est prescrite, doit \u00eatre effectu\u00e9e dans un d\u00e9lai maximal de deux mois apr\u00e8s le contr\u00f4le initial, conform\u00e9ment aux r\u00e8gles du contr\u00f4le technique p\u00e9riodique publi\u00e9es par le minist\u00e8re charg\u00e9 des transports.<\/p>\n\n<h3 class=\"wp-block-heading\">Immatriculation, Crit\u2019Air et statut de v\u00e9hicule ancien<\/h3>\n\n<p class=\"wp-block-paragraph\">Apr\u00e8s l\u2019achat, le certificat de cession doit \u00eatre enregistr\u00e9 par le vendeur. L\u2019acqu\u00e9reur peut ensuite d\u00e9poser sa demande sur <a href=\"https:\/\/ants.gouv.fr\/\" target=\"_blank\" rel=\"noopener\">ants.gouv.fr<\/a>, sans frais de dossier ajout\u00e9s par l\u2019\u00c9tat. Les documents num\u00e9ris\u00e9s doivent \u00eatre lisibles : justificatif de domicile, permis de conduire correspondant \u00e0 la cat\u00e9gorie du v\u00e9hicule, attestation d\u2019assurance, ancienne carte grise et code de cession si le vendeur en a g\u00e9n\u00e9r\u00e9 un.<\/p>\n\n<p class=\"wp-block-paragraph\">Le co\u00fbt de l\u2019immatriculation varie avec le cheval fiscal r\u00e9gional et la puissance administrative indiqu\u00e9e sur le certificat. Une Fiat Multipla de plus de dix ans profite de la r\u00e9duction de 50 % sur la taxe r\u00e9gionale ; cette r\u00e9duction ne s\u2019applique pas automatiquement aux autres taxes et redevances figurant sur le total. La source \u00e0 consulter demeure le simulateur officiel de l\u2019ANTS au moment de d\u00e9poser votre demande.<\/p>\n\n<p class=\"wp-block-paragraph\">Un v\u00e9hicule de plus de trente ans peut, sous conditions, \u00eatre admis en circulation avec une carte grise de collection. Cette d\u00e9marche n\u2019est pas automatique. La date de premi\u00e8re mise en circulation, la conformit\u00e9 du v\u00e9hicule et l\u2019attestation demand\u00e9e doivent \u00eatre v\u00e9rifi\u00e9es aupr\u00e8s de la F\u00e9d\u00e9ration fran\u00e7aise des v\u00e9hicules d\u2019\u00e9poque ou du service comp\u00e9tent. Les derniers exemplaires de Multipla produits en 2010 n\u2019atteindront ce seuil qu\u2019en 2040.<\/p>\n\n<p class=\"wp-block-paragraph\">La popularit\u00e9 tardive du mod\u00e8le ne doit pas conduire \u00e0 parler de collection pour chaque exemplaire. Une carrosserie propre, un int\u00e9rieur complet et des pi\u00e8ces m\u00e9caniques suivies rendent une voiture plus int\u00e9ressante, mais ils ne changent ni son \u00e2ge ni les formalit\u00e9s applicables. Les valeurs de revente fluctuent selon l\u2019\u00e9tat, la motorisation, l\u2019historique et la demande locale ; aucun prix unique national ne peut \u00eatre donn\u00e9 s\u00e9rieusement.<\/p>\n\n<p class=\"wp-block-paragraph\">La Fiat Multipla a surtout laiss\u00e9 une le\u00e7on durable au design automobile. Elle montre qu\u2019un v\u00e9hicule peut \u00eatre discut\u00e9 pour sa forme tout en restant coh\u00e9rent dans son usage. Ses six si\u00e8ges, sa visibilit\u00e9 et son encombrement contenu r\u00e9pondent encore \u00e0 des besoins concrets, \u00e0 condition d\u2019acheter un exemplaire document\u00e9 plut\u00f4t qu\u2019une simple curiosit\u00e9 photographi\u00e9e sous tous les angles.<\/p>\n\n\n<h3>La Fiat Multipla est-elle une voiture fiable ?<\/h3>\n<p>La r\u00e9ponse d\u00e9pend de l\u2019exemplaire. En 2026, une Multipla a au minimum seize ans. Les factures d\u2019entretien, le contr\u00f4le technique, l\u2019\u00e9tat du train avant, de l\u2019embrayage, de l\u2019\u00e9lectronique et de la distribution sont plus utiles que la r\u00e9putation g\u00e9n\u00e9rale du mod\u00e8le.<\/p>\n<h3>Quelle Fiat Multipla choisir entre essence et diesel ?<\/h3>\n<p>Le diesel 1.9 JTD correspond davantage aux longs trajets r\u00e9guliers, sous r\u00e9serve d\u2019un entretien prouv\u00e9. Une essence peut mieux convenir aux parcours courts et vari\u00e9s. La consommation, les restrictions Crit\u2019Air et les r\u00e9parations attendues doivent \u00eatre compar\u00e9es avant l\u2019achat.<\/p>\n<h3>Combien co\u00fbte la carte grise d\u2019une Fiat Multipla ?<\/h3>\n<p>Le montant d\u00e9pend de la r\u00e9gion, de la puissance fiscale et de l\u2019\u00e9nergie du v\u00e9hicule. Une Multipla de plus de dix ans b\u00e9n\u00e9ficie d\u2019une r\u00e9duction de moiti\u00e9 sur la taxe r\u00e9gionale selon l\u2019article 1599 sexdecies du Code g\u00e9n\u00e9ral des imp\u00f4ts. Le calcul exact est disponible au d\u00e9p\u00f4t du dossier sur ants.gouv.fr.<\/p>\n<h3>La Fiat Multipla peut-elle circuler dans les zones \u00e0 faibles \u00e9missions ?<\/h3>\n<p>Cela d\u00e9pend de sa vignette Crit\u2019Air et des r\u00e8gles locales applicables au jour du d\u00e9placement. V\u00e9rifiez la cat\u00e9gorie \u00e0 partir de l\u2019immatriculation sur certificat-air.gouv.fr puis consultez les restrictions de la collectivit\u00e9 concern\u00e9e.<\/p>\n\n","protected":false},"excerpt":{"rendered":"<p>La Fiat Multipla n\u2019a jamais laiss\u00e9 indiff\u00e9rent. Produite de 1999 \u00e0 2010, elle a \u00e9t\u00e9 moqu\u00e9e pour sa silhouette mais appr\u00e9ci\u00e9e par les conducteurs qui avaient besoin de six places sans passer \u00e0 un v\u00e9hicule long et encombrant. Sur le march\u00e9 de l\u2019occasion en 2026, son achat d\u00e9pend moins de son apparence que de l\u2019\u00e9tat [&hellip;]<\/p>\n","protected":false},"author":1,"featured_media":291,"comment_status":"open","ping_status":"closed","sticky":false,"template":"","format":"standard","meta":{"footnotes":""},"categories":[1],"tags":[],"class_list":["post-290","post","type-post","status-publish","format-standard","has-post-thumbnail","hentry","category-actualites-mobilite"],"_links":{"self":[{"href":"https:\/\/allotaxihorizon.fr\/blog\/wp-json\/wp\/v2\/posts\/290","targetHints":{"allow":["GET"]}}],"collection":[{"href":"https:\/\/allotaxihorizon.fr\/blog\/wp-json\/wp\/v2\/posts"}],"about":[{"href":"https:\/\/allotaxihorizon.fr\/blog\/wp-json\/wp\/v2\/types\/post"}],"author":[{"embeddable":true,"href":"https:\/\/allotaxihorizon.fr\/blog\/wp-json\/wp\/v2\/users\/1"}],"replies":[{"embeddable":true,"href":"https:\/\/allotaxihorizon.fr\/blog\/wp-json\/wp\/v2\/comments?post=290"}],"version-history":[{"count":2,"href":"https:\/\/allotaxihorizon.fr\/blog\/wp-json\/wp\/v2\/posts\/290\/revisions"}],"predecessor-version":[{"id":294,"href":"https:\/\/allotaxihorizon.fr\/blog\/wp-json\/wp\/v2\/posts\/290\/revisions\/294"}],"wp:featuredmedia":[{"embeddable":true,"href":"https:\/\/allotaxihorizon.fr\/blog\/wp-json\/wp\/v2\/media\/291"}],"wp:attachment":[{"href":"https:\/\/allotaxihorizon.fr\/blog\/wp-json\/wp\/v2\/media?parent=290"}],"wp:term":[{"taxonomy":"category","embeddable":true,"href":"https:\/\/allotaxihorizon.fr\/blog\/wp-json\/wp\/v2\/categories?post=290"},{"taxonomy":"post_tag","embeddable":true,"href":"https:\/\/allotaxihorizon.fr\/blog\/wp-json\/wp\/v2\/tags?post=290"}],"curies":[{"name":"wp","href":"https:\/\/api.w.org\/{rel}","templated":true}]}}