{"id":311,"date":"2026-08-29T09:46:27","date_gmt":"2026-08-29T09:46:27","guid":{"rendered":"https:\/\/allotaxihorizon.fr\/blog\/voiture-radar-fonctionnement\/"},"modified":"2026-08-29T10:09:16","modified_gmt":"2026-08-29T10:09:16","slug":"voiture-radar-fonctionnement","status":"publish","type":"post","link":"https:\/\/allotaxihorizon.fr\/blog\/voiture-radar-fonctionnement\/","title":{"rendered":"Voiture radar : fonctionnement, marge d&rsquo;erreur et rep\u00e9rage"},"content":{"rendered":"<p class=\"wp-block-paragraph\">Les voitures-radar circulent sans marquage apparent et peuvent contr\u00f4ler la vitesse de jour comme de nuit. Lorsqu\u2019elles sont en mouvement, la vitesse relev\u00e9e b\u00e9n\u00e9ficie d\u2019un abattement technique plus \u00e9lev\u00e9 que celui d\u2019un radar fixe, soit <strong>10 km\/h sous 100 km\/h et 10 % \u00e0 partir de 100 km\/h<\/strong>. Cette correction ne donne aucun droit \u00e0 d\u00e9passer la limitation affich\u00e9e.<\/p>\n\n<ul class=\"wp-block-list\"><li>Une voiture radar est un v\u00e9hicule banalis\u00e9 \u00e9quip\u00e9 d\u2019un cin\u00e9mom\u00e8tre, d\u2019une cam\u00e9ra de lecture de plaque et d\u2019une cartographie des limitations.<\/li><li>Le contr\u00f4le peut viser un v\u00e9hicule d\u00e9pass\u00e9, crois\u00e9 ou roulant devant la voiture \u00e9quip\u00e9e.<\/li><li>La vitesse retenue sur l\u2019avis de contravention est celle obtenue apr\u00e8s d\u00e9duction r\u00e9glementaire de la marge technique.<\/li><li>Le flash infrarouge est g\u00e9n\u00e9ralement invisible, ce qui rend le rep\u00e9rage voiture radar incertain.<\/li><li>Une contestation repose sur des \u00e9l\u00e9ments mat\u00e9riels v\u00e9rifiables, dans les d\u00e9lais indiqu\u00e9s sur l\u2019avis re\u00e7u.<\/li><\/ul>\n\n<div id=\"ez-toc-container\" class=\"ez-toc-v2_0_87 counter-hierarchy ez-toc-counter ez-toc-grey ez-toc-container-direction\">\n<div class=\"ez-toc-title-container\">\n<p class=\"ez-toc-title\" style=\"cursor:inherit\">Sommaire<\/p>\n<span class=\"ez-toc-title-toggle\"><a href=\"#\" class=\"ez-toc-pull-right ez-toc-btn ez-toc-btn-xs ez-toc-btn-default ez-toc-toggle\" aria-label=\"Toggle Table of Content\"><span class=\"ez-toc-js-icon-con\"><span class=\"\"><span class=\"eztoc-hide\" style=\"display:none;\">Toggle<\/span><span class=\"ez-toc-icon-toggle-span\"><svg style=\"fill: #999;color:#999\" xmlns=\"http:\/\/www.w3.org\/2000\/svg\" class=\"list-377408\" width=\"20px\" height=\"20px\" viewBox=\"0 0 24 24\" fill=\"none\"><path d=\"M6 6H4v2h2V6zm14 0H8v2h12V6zM4 11h2v2H4v-2zm16 0H8v2h12v-2zM4 16h2v2H4v-2zm16 0H8v2h12v-2z\" fill=\"currentColor\"><\/path><\/svg><svg style=\"fill: #999;color:#999\" class=\"arrow-unsorted-368013\" xmlns=\"http:\/\/www.w3.org\/2000\/svg\" width=\"10px\" height=\"10px\" viewBox=\"0 0 24 24\" version=\"1.2\" baseProfile=\"tiny\"><path d=\"M18.2 9.3l-6.2-6.3-6.2 6.3c-.2.2-.3.4-.3.7s.1.5.3.7c.2.2.4.3.7.3h11c.3 0 .5-.1.7-.3.2-.2.3-.5.3-.7s-.1-.5-.3-.7zM5.8 14.7l6.2 6.3 6.2-6.3c.2-.2.3-.5.3-.7s-.1-.5-.3-.7c-.2-.2-.4-.3-.7-.3h-11c-.3 0-.5.1-.7.3-.2.2-.3.5-.3.7s.1.5.3.7z\"\/><\/svg><\/span><\/span><\/span><\/a><\/span><\/div>\n<nav><ul class='ez-toc-list ez-toc-list-level-1 eztoc-toggle-hide-by-default' ><li class='ez-toc-page-1 ez-toc-heading-level-2'><a class=\"ez-toc-link ez-toc-heading-1\" href=\"https:\/\/allotaxihorizon.fr\/blog\/voiture-radar-fonctionnement\/#Voiture_radar_comment_fonctionne_ce_controle_routier_discret\" >Voiture radar : comment fonctionne ce contr\u00f4le routier discret<\/a><\/li><li class='ez-toc-page-1 ez-toc-heading-level-2'><a class=\"ez-toc-link ez-toc-heading-2\" href=\"https:\/\/allotaxihorizon.fr\/blog\/voiture-radar-fonctionnement\/#Marge_derreur_radar_vitesse_mesuree_vitesse_retenue_et_seuils_applicables\" >Marge d&rsquo;erreur radar : vitesse mesur\u00e9e, vitesse retenue et seuils applicables<\/a><\/li><li class='ez-toc-page-1 ez-toc-heading-level-2'><a class=\"ez-toc-link ez-toc-heading-3\" href=\"https:\/\/allotaxihorizon.fr\/blog\/voiture-radar-fonctionnement\/#Reperage_voiture_radar_indices_visibles_fausses_certitudes_et_limites\" >Rep\u00e9rage voiture radar : indices visibles, fausses certitudes et limites<\/a><\/li><li class='ez-toc-page-1 ez-toc-heading-level-2'><a class=\"ez-toc-link ez-toc-heading-4\" href=\"https:\/\/allotaxihorizon.fr\/blog\/voiture-radar-fonctionnement\/#Technologie_radar_et_fiabilite_ce_que_verifie_la_chaine_de_mesure\" >Technologie radar et fiabilit\u00e9 : ce que v\u00e9rifie la cha\u00eene de mesure<\/a><\/li><li class='ez-toc-page-1 ez-toc-heading-level-2'><a class=\"ez-toc-link ez-toc-heading-5\" href=\"https:\/\/allotaxihorizon.fr\/blog\/voiture-radar-fonctionnement\/#Amende_points_et_contestation_apres_un_controle_par_voiture_radar\" >Amende, points et contestation apr\u00e8s un contr\u00f4le par voiture radar<\/a><\/li><\/ul><\/nav><\/div>\n<h2 class=\"wp-block-heading\"><span class=\"ez-toc-section\" id=\"Voiture_radar_comment_fonctionne_ce_controle_routier_discret\"><\/span>Voiture radar : comment fonctionne ce contr\u00f4le routier discret<span class=\"ez-toc-section-end\"><\/span><\/h2>\n\n<p class=\"wp-block-paragraph\">Une voiture radar est un v\u00e9hicule banalis\u00e9 qui embarque un appareil de d\u00e9tection vitesse homologu\u00e9. Elle ne doit pas \u00eatre confondue avec un v\u00e9hicule de police ou de gendarmerie stationn\u00e9 en bord de route. Son int\u00e9r\u00eat est de circuler dans le trafic ordinaire, sans signalisation particuli\u00e8re, afin de mesurer les vitesses sur des itin\u00e9raires o\u00f9 les comportements dangereux ont \u00e9t\u00e9 constat\u00e9s.<\/p>\n\n<p class=\"wp-block-paragraph\">Le fonctionnement radar repose principalement sur la technologie radar Doppler. L\u2019appareil \u00e9met une onde vers le v\u00e9hicule contr\u00f4l\u00e9 et analyse le retour de cette onde. La diff\u00e9rence de fr\u00e9quence permet de calculer la vitesse. Certains dispositifs utilisent aussi une cam\u00e9ra, un syst\u00e8me de g\u00e9olocalisation s\u00e9curis\u00e9 et une base cartographique recensant les limitations applicables sur la portion emprunt\u00e9e.<\/p>\n\n<p class=\"wp-block-paragraph\">La mesure ne d\u00e9pend donc pas d\u2019un agent qui \u00e9value la vitesse \u00e0 l\u2019\u0153il. Le syst\u00e8me associe une donn\u00e9e de vitesse, une heure, un lieu, une voie de circulation et une immatriculation lisible. Lorsqu\u2019un d\u00e9passement est relev\u00e9 apr\u00e8s correction technique, le dossier est transmis au Centre national de traitement de Rennes. L\u2019avis est ensuite adress\u00e9 au titulaire du certificat d\u2019immatriculation, sauf identification ult\u00e9rieure d\u2019un autre conducteur selon la proc\u00e9dure applicable.<\/p>\n\n<p class=\"wp-block-paragraph\">Les voitures-radar peuvent fonctionner dans plusieurs situations. Elles contr\u00f4lent parfois un v\u00e9hicule qui les d\u00e9passe, un v\u00e9hicule venant en sens inverse ou un v\u00e9hicule plac\u00e9 devant elles. Elles peuvent donc relever un exc\u00e8s m\u00eame lorsque l\u2019automobiliste n\u2019a aper\u00e7u ni cabine, ni tr\u00e9pied, ni v\u00e9hicule de contr\u00f4le identifiable. Le flash utilis\u00e9 est fr\u00e9quemment infrarouge. Il \u00e9claire la plaque pour la photographie sans produire le flash blanc que beaucoup attendent encore.<\/p>\n\n<p class=\"wp-block-paragraph\">Le dispositif utilise une cartographie des vitesses, mais le panneau implant\u00e9 sur la route garde toujours la priorit\u00e9. Une limitation temporaire de chantier, une zone 30 nouvellement cr\u00e9\u00e9e ou une restriction li\u00e9e \u00e0 des travaux doit \u00eatre respect\u00e9e m\u00eame si une aide \u00e0 la conduite affiche une donn\u00e9e diff\u00e9rente. L\u2019article R413-17 du code de la route impose au conducteur de rester ma\u00eetre de sa vitesse et de l\u2019adapter aux circonstances.<\/p>\n\n<p class=\"wp-block-paragraph\">Le mat\u00e9riel est soumis au contr\u00f4le de la m\u00e9trologie l\u00e9gale. Les cin\u00e9mom\u00e8tres doivent \u00eatre homologu\u00e9s et v\u00e9rifi\u00e9s p\u00e9riodiquement. Cette obligation d\u00e9coule notamment de l\u2019arr\u00eat\u00e9 du 4 juin 2009 relatif aux cin\u00e9mom\u00e8tres de contr\u00f4le routier. Une voiture \u00e9quip\u00e9e ne devient pas un appareil sans r\u00e8gle parce qu\u2019elle circule dans le flux : la cha\u00eene de preuve doit rester exploitable en cas de contestation formelle.<\/p>\n\n<p class=\"wp-block-paragraph\">Les limitations radar ne visent pas seulement les autoroutes. Les itin\u00e9raires retenus comprennent aussi des entr\u00e9es et sorties d\u2019agglom\u00e9ration, des routes d\u00e9partementales accidentog\u00e8nes, des zones de travaux et des sections o\u00f9 la limitation varie rapidement. La logique est de contr\u00f4ler la vitesse r\u00e9elle sur une dur\u00e9e de circulation \u00e9tendue, non de surveiller un seul point annonc\u00e9 \u00e0 l\u2019avance.<\/p>\n\n<p class=\"wp-block-paragraph\">Une voiture r\u00e9cente n\u2019offre pas de protection particuli\u00e8re contre cette mesure. La taille d\u2019un v\u00e9hicule, les informations de carrosserie ou les caract\u00e9ristiques d\u2019un mod\u00e8le, telles que les <a href=\"https:\/\/allotaxihorizon.fr\/blog\/dacia-bigster-dimensions\/\">dimensions du Dacia Bigster<\/a>, n\u2019ont aucune incidence sur la validit\u00e9 d\u2019un contr\u00f4le automatis\u00e9. L\u2019appareil cherche une vitesse et une plaque, pas une cat\u00e9gorie commerciale ou une finition.<\/p>\n\n<p class=\"wp-block-paragraph\">Cette m\u00e9thode explique pourquoi la conduite fond\u00e9e sur l\u2019observation des seules cabines est devenue insuffisante. Le conducteur doit lire les panneaux, stabiliser son allure avant une zone abaiss\u00e9e et contr\u00f4ler r\u00e9guli\u00e8rement son compteur. La pr\u00e9sence \u00e9ventuelle d\u2019une voiture radar ne modifie pas la r\u00e8gle affich\u00e9e au bord de la chauss\u00e9e.<\/p>\n\n\n\n<figure class=\"wp-block-image size-large\"><img loading=\"lazy\" decoding=\"async\" width=\"1536\" height=\"1024\" src=\"https:\/\/allotaxihorizon.fr\/blog\/wp-content\/uploads\/2026\/08\/boitier-radar-mesure-vitesse-schema.jpg\" alt=\"Bo\u00eetier de contr\u00f4le de vitesse pos\u00e9 sur une surface claire, objectif orient\u00e9 vers la route\" class=\"wp-image-313\" srcset=\"https:\/\/allotaxihorizon.fr\/blog\/wp-content\/uploads\/2026\/08\/boitier-radar-mesure-vitesse-schema.jpg 1536w, https:\/\/allotaxihorizon.fr\/blog\/wp-content\/uploads\/2026\/08\/boitier-radar-mesure-vitesse-schema-300x200.jpg 300w, https:\/\/allotaxihorizon.fr\/blog\/wp-content\/uploads\/2026\/08\/boitier-radar-mesure-vitesse-schema-1024x683.jpg 1024w, https:\/\/allotaxihorizon.fr\/blog\/wp-content\/uploads\/2026\/08\/boitier-radar-mesure-vitesse-schema-768x512.jpg 768w\" sizes=\"auto, (max-width: 1536px) 100vw, 1536px\" \/><figcaption class=\"wp-element-caption\">Illustration g\u00e9n\u00e9r\u00e9e par intelligence artificielle.<\/figcaption><\/figure>\n\n<h2 class=\"wp-block-heading\"><span class=\"ez-toc-section\" id=\"Marge_derreur_radar_vitesse_mesuree_vitesse_retenue_et_seuils_applicables\"><\/span>Marge d&rsquo;erreur radar : vitesse mesur\u00e9e, vitesse retenue et seuils applicables<span class=\"ez-toc-section-end\"><\/span><\/h2>\n\n<p class=\"wp-block-paragraph\">La marge d&rsquo;erreur radar est une correction technique appliqu\u00e9e \u00e0 la vitesse mesur\u00e9e. Elle ne constitue pas une tol\u00e9rance accord\u00e9e \u00e0 l\u2019automobiliste. Son objet est de tenir compte de l\u2019incertitude admise pour l\u2019instrument de mesure, conform\u00e9ment aux r\u00e8gles de m\u00e9trologie et aux dispositions de l\u2019arr\u00eat\u00e9 du 4 juin 2009 relatif aux cin\u00e9mom\u00e8tres de contr\u00f4le routier.<\/p>\n\n<p class=\"wp-block-paragraph\">La vitesse qui sert \u00e0 \u00e9tablir l\u2019infraction est appel\u00e9e vitesse retenue. Elle appara\u00eet sur l\u2019avis de contravention, \u00e0 c\u00f4t\u00e9 de la vitesse enregistr\u00e9e par l\u2019appareil. C\u2019est cette seconde valeur qui doit \u00eatre compar\u00e9e \u00e0 la limitation applicable. L\u2019abattement est effectu\u00e9 automatiquement : ni l\u2019op\u00e9rateur, ni le titulaire de la carte grise ne choisit le taux utilis\u00e9.<\/p>\n\n<p class=\"wp-block-paragraph\">Pour un radar fixe, un radar urbain ou un radar mobile install\u00e9 \u00e0 l\u2019arr\u00eat, la correction est de 5 km\/h lorsque la vitesse mesur\u00e9e est inf\u00e9rieure \u00e0 100 km\/h. \u00c0 partir de 100 km\/h, elle correspond \u00e0 5 % de la vitesse mesur\u00e9e. Ces valeurs \u00e9taient toujours celles appliqu\u00e9es au d\u00e9but de l\u2019ann\u00e9e 2026 selon le cadre r\u00e9glementaire des cin\u00e9mom\u00e8tres routiers.<\/p>\n\n<p class=\"wp-block-paragraph\">Une mesure de 56 km\/h dans une rue limit\u00e9e \u00e0 50 km\/h donne une vitesse retenue de 51 km\/h apr\u00e8s d\u00e9duction de 5 km\/h. L\u2019infraction est donc caract\u00e9ris\u00e9e pour un exc\u00e8s de 1 km\/h. Sur une route limit\u00e9e \u00e0 110 km\/h, une mesure de 116 km\/h conduit \u00e0 une vitesse retenue de 110 km\/h apr\u00e8s abattement de 5 %, soit 5,8 km\/h arrondis \u00e0 l\u2019entier inf\u00e9rieur. Dans ce second cas, il n\u2019y a pas d\u2019exc\u00e8s retenu.<\/p>\n\n<p class=\"wp-block-paragraph\">La situation change pour la voiture-radar qui contr\u00f4le en circulant. La mesure est plus complexe parce que le v\u00e9hicule porteur se d\u00e9place, subit des vibrations et doit calculer la vitesse relative des v\u00e9hicules observ\u00e9s. Le l\u00e9gislateur pr\u00e9voit donc une correction sup\u00e9rieure : <strong>10 km\/h en dessous de 100 km\/h, puis 10 % \u00e0 partir de 100 km\/h<\/strong>.<\/p>\n\n<figure class=\"wp-block-table\"><table>\n<thead>\n<tr>\n<th>Type de dispositif<\/th>\n<th>Vitesse mesur\u00e9e sous 100 km\/h<\/th>\n<th>Vitesse mesur\u00e9e \u00e0 partir de 100 km\/h<\/th>\n<th>R\u00e9f\u00e9rence applicable en 2026<\/th>\n<\/tr>\n<\/thead>\n<tbody>\n<tr>\n<td>Radar fixe ou radar urbain<\/td>\n<td>D\u00e9duction de 5 km\/h<\/td>\n<td>D\u00e9duction de 5 %<\/td>\n<td>Arr\u00eat\u00e9 du 4 juin 2009<\/td>\n<\/tr>\n<tr>\n<td>Radar mobile \u00e0 l\u2019arr\u00eat<\/td>\n<td>D\u00e9duction de 5 km\/h<\/td>\n<td>D\u00e9duction de 5 %<\/td>\n<td>Arr\u00eat\u00e9 du 4 juin 2009<\/td>\n<\/tr>\n<tr>\n<td>Voiture radar en circulation<\/td>\n<td>D\u00e9duction de 10 km\/h<\/td>\n<td>D\u00e9duction de 10 %<\/td>\n<td>Arr\u00eat\u00e9 du 4 juin 2009<\/td>\n<\/tr>\n<\/tbody>\n<\/table><\/figure>\n\n<p class=\"wp-block-paragraph\">Une voiture radar en d\u00e9placement qui mesure 93 km\/h sur une route limit\u00e9e \u00e0 80 km\/h retient donc 83 km\/h. L\u2019exc\u00e8s est de 3 km\/h. Si le m\u00eame v\u00e9hicule mesure 144 km\/h sur une autoroute limit\u00e9e \u00e0 130 km\/h, la d\u00e9duction de 10 %, soit 14,4 km\/h, ram\u00e8ne la valeur retenue \u00e0 129 km\/h apr\u00e8s arrondi inf\u00e9rieur. Aucune contravention de vitesse ne peut alors \u00eatre \u00e9tablie sur cette donn\u00e9e.<\/p>\n\n<p class=\"wp-block-paragraph\">La marge ne s\u2019ajoute pas \u00e0 une marge personnelle choisie par le conducteur. Rouler \u00e0 55 km\/h compteur en ville en supposant que le syst\u00e8me laissera passer l\u2019\u00e9cart est une mauvaise lecture de la r\u00e8gle. Le compteur du v\u00e9hicule peut avoir son propre d\u00e9calage, parfois vers le haut, tandis que le cin\u00e9mom\u00e8tre applique une m\u00e9thode distincte. Les deux m\u00e9canismes ne se compensent pas de fa\u00e7on pr\u00e9visible.<\/p>\n\n<p class=\"wp-block-paragraph\">La pr\u00e9cision radar est encadr\u00e9e, mais aucune mesure technique ne transforme un exc\u00e8s en comportement admis. Une vitesse retenue de 51 km\/h dans une zone \u00e0 50 km\/h entra\u00eene la sanction pr\u00e9vue pour un d\u00e9passement inf\u00e9rieur \u00e0 20 km\/h. La correction prot\u00e8ge la fiabilit\u00e9 de la mesure ; elle ne cr\u00e9e pas une zone franche au-dessus du panneau.<\/p>\n\n<figure class=\"is-provider-youtube is-type-video wp-block-embed wp-block-embed-youtube wp-embed-aspect-16-9 wp-has-aspect-ratio\"><div class=\"wp-block-embed__wrapper\">\n<iframe loading=\"lazy\" title=\"Des radars embarqu\u00e9s discrets mais n\u00e9cessaires pour lutter contre la mortalit\u00e9 routi\u00e8re dans le Var\" width=\"500\" height=\"281\" src=\"https:\/\/www.youtube.com\/embed\/-mvV-kKox-o?feature=oembed\" frameborder=\"0\" allow=\"accelerometer; autoplay; clipboard-write; encrypted-media; gyroscope; picture-in-picture; web-share\" referrerpolicy=\"strict-origin-when-cross-origin\" allowfullscreen><\/iframe>\n<\/div><\/figure>\n\n<h2 class=\"wp-block-heading\"><span class=\"ez-toc-section\" id=\"Reperage_voiture_radar_indices_visibles_fausses_certitudes_et_limites\"><\/span>Rep\u00e9rage voiture radar : indices visibles, fausses certitudes et limites<span class=\"ez-toc-section-end\"><\/span><\/h2>\n\n<p class=\"wp-block-paragraph\">Le rep\u00e9rage voiture radar attire beaucoup d\u2019attention parce que les v\u00e9hicules employ\u00e9s sont banalis\u00e9s. Il n\u2019existe pourtant pas de signe visuel qui permette d\u2019identifier avec certitude une voiture \u00e9quip\u00e9e. Les v\u00e9hicules peuvent appartenir \u00e0 des marques vari\u00e9es, circuler seuls ou au milieu d\u2019un trafic dense, et changer r\u00e9guli\u00e8rement d\u2019itin\u00e9raire.<\/p>\n\n<p class=\"wp-block-paragraph\">Certains automobilistes recherchent une petite cam\u00e9ra derri\u00e8re le pare-brise, un bo\u00eetier pr\u00e8s du tableau de bord, une ouverture dans la calandre ou une plaque dont la photographie semble facilit\u00e9e. Ces indices ne suffisent pas. De nombreux v\u00e9hicules ordinaires disposent aujourd\u2019hui de capteurs d\u2019aide \u00e0 la conduite, de cam\u00e9ras de stationnement ou de radars anticollision dont l\u2019apparence peut pr\u00eater \u00e0 confusion.<\/p>\n\n<p class=\"wp-block-paragraph\">La couleur et le mod\u00e8le ne constituent pas davantage une preuve. Une berline grise, un SUV sombre ou un v\u00e9hicule familial peuvent \u00eatre utilis\u00e9s comme voiture radar, mais ces silhouettes correspondent \u00e0 une grande part du parc automobile. S\u2019arr\u00eater sur une apparence revient surtout \u00e0 multiplier les erreurs. Une fiche sur la <a href=\"https:\/\/allotaxihorizon.fr\/blog\/mercedes-g55-amg-fiche\/\">Mercedes G55 AMG<\/a> permet de comprendre un v\u00e9hicule particulier, mais ne r\u00e9v\u00e8le rien sur la pr\u00e9sence ou l\u2019absence d\u2019un syst\u00e8me de contr\u00f4le.<\/p>\n\n<p class=\"wp-block-paragraph\">Les voitures-radar confi\u00e9es \u00e0 des op\u00e9rateurs priv\u00e9s interviennent dans un cadre d\u00e9termin\u00e9 par l\u2019\u00c9tat. La conduite du v\u00e9hicule peut \u00eatre assur\u00e9e par un salari\u00e9 prestataire, alors que les donn\u00e9es d\u2019infraction sont trait\u00e9es dans la cha\u00eene publique du contr\u00f4le-sanction automatis\u00e9. L\u2019op\u00e9rateur ne fixe ni la limitation, ni la marge d&rsquo;erreur radar, ni le montant de l\u2019amende. Son r\u00f4le ne lui permet pas de n\u00e9gocier ou de modifier la mesure.<\/p>\n\n<p class=\"wp-block-paragraph\">Les zones o\u00f9 un radar mobile est susceptible de circuler r\u00e9pondent g\u00e9n\u00e9ralement \u00e0 des crit\u00e8res de s\u00e9curit\u00e9 routi\u00e8re. Les axes o\u00f9 surviennent des accidents corporels, les travers\u00e9es d\u2019agglom\u00e9ration, les portions de travaux, les secteurs \u00e0 visibilit\u00e9 r\u00e9duite et les itin\u00e9raires tr\u00e8s fr\u00e9quent\u00e9s sont davantage surveill\u00e9s. Cette r\u00e9alit\u00e9 ne signifie pas qu\u2019une route calme est exempt\u00e9e de contr\u00f4le.<\/p>\n\n<p class=\"wp-block-paragraph\">Les applications d\u2019aide \u00e0 la conduite autoris\u00e9es peuvent signaler des zones de danger. Elles ne doivent pas indiquer pr\u00e9cis\u00e9ment l\u2019emplacement d\u2019un contr\u00f4le. L\u2019article R413-15 du code de la route interdit la d\u00e9tention, le transport et l\u2019usage d\u2019un appareil avertissant de la pr\u00e9sence d\u2019appareils servant \u00e0 constater les infractions. La sanction pr\u00e9vue est une contravention de cinqui\u00e8me classe, avec confiscation possible de l\u2019appareil et retrait de six points.<\/p>\n\n<p class=\"wp-block-paragraph\">Les outils l\u00e9gaux servent donc \u00e0 rappeler une zone o\u00f9 l\u2019attention doit augmenter, non \u00e0 organiser un \u00e9vitement. Ils peuvent aussi \u00eatre en retard sur un changement de limitation. Une signalisation temporaire, notamment en travaux, s\u2019impose imm\u00e9diatement. Le conducteur qui garde une allure adapt\u00e9e ne d\u00e9pend ni d\u2019une alerte ni d\u2019un hypoth\u00e9tique rep\u00e9rage.<\/p>\n\n<p class=\"wp-block-paragraph\">Le flash invisible nourrit une autre confusion. L\u2019absence d\u2019\u00e9clair blanc ne d\u00e9montre pas l\u2019absence de photographie. L\u2019infrarouge permet de lire une plaque la nuit sans g\u00eaner les autres usagers. Il est donc inutile de conclure, apr\u00e8s avoir d\u00e9pass\u00e9 une voiture banalis\u00e9e, qu\u2019aucun contr\u00f4le n\u2019a pu \u00eatre r\u00e9alis\u00e9.<\/p>\n\n<p class=\"wp-block-paragraph\">La seule m\u00e9thode fiable reste de pr\u00e9parer l\u2019allure avant le panneau, particuli\u00e8rement dans les descentes et \u00e0 l\u2019entr\u00e9e des agglom\u00e9rations. Un limiteur r\u00e9gl\u00e9 \u00e0 la vitesse autoris\u00e9e r\u00e9duit les \u00e9carts involontaires, mais ne dispense pas de v\u00e9rifier la signalisation. L\u2019automobile reste sous la responsabilit\u00e9 de son conducteur \u00e0 chaque changement de r\u00e8gle.<\/p>\n\n<h2 class=\"wp-block-heading\"><span class=\"ez-toc-section\" id=\"Technologie_radar_et_fiabilite_ce_que_verifie_la_chaine_de_mesure\"><\/span>Technologie radar et fiabilit\u00e9 : ce que v\u00e9rifie la cha\u00eene de mesure<span class=\"ez-toc-section-end\"><\/span><\/h2>\n\n<p class=\"wp-block-paragraph\">La technologie radar routi\u00e8re ne se limite pas \u00e0 une photographie de plaque. Pour produire un avis exploitable, le syst\u00e8me doit associer une vitesse, un instant de mesure, un lieu et un v\u00e9hicule identifi\u00e9. Les dispositifs utilis\u00e9s en France rel\u00e8vent de la m\u00e9trologie l\u00e9gale, domaine qui encadre les instruments dont les r\u00e9sultats ont des cons\u00e9quences financi\u00e8res ou r\u00e9pressives.<\/p>\n\n<p class=\"wp-block-paragraph\">Le radar Doppler mesure une variation de fr\u00e9quence entre l\u2019onde \u00e9mise et l\u2019onde renvoy\u00e9e par le v\u00e9hicule. Cette m\u00e9thode est employ\u00e9e depuis longtemps dans le contr\u00f4le routier. Les cin\u00e9mom\u00e8tres laser, souvent appel\u00e9s LIDAR, reposent sur la mesure du temps de retour d\u2019impulsions lumineuses. Ils permettent de viser un v\u00e9hicule pr\u00e9cis lorsque plusieurs automobiles circulent sur la m\u00eame chauss\u00e9e.<\/p>\n\n<p class=\"wp-block-paragraph\">Dans une voiture radar, la difficult\u00e9 suppl\u00e9mentaire est le mouvement du v\u00e9hicule porteur. Le syst\u00e8me doit int\u00e9grer sa propre vitesse et celle du v\u00e9hicule contr\u00f4l\u00e9. C\u2019est pr\u00e9cis\u00e9ment pour cette raison que la marge r\u00e9glementaire est doubl\u00e9e en contr\u00f4le dynamique. La diff\u00e9rence entre 5 km\/h et 10 km\/h sous 100 km\/h ne traduit pas une faveur ; elle tient \u00e0 la pr\u00e9cision radar attendue dans deux conditions de mesure diff\u00e9rentes.<\/p>\n\n<p class=\"wp-block-paragraph\">Les appareils font l\u2019objet d\u2019une homologation et de v\u00e9rifications. Le contr\u00f4le p\u00e9riodique permet de s\u2019assurer que l\u2019instrument reste dans les limites de fonctionnement admises. Une intervention technique sur le mat\u00e9riel peut \u00e9galement imposer une nouvelle v\u00e9rification. La date exacte de chaque v\u00e9rification d\u00e9pend du dispositif concern\u00e9 et figure dans les \u00e9l\u00e9ments techniques qui peuvent \u00eatre produits dans une proc\u00e9dure contentieuse.<\/p>\n\n<p class=\"wp-block-paragraph\">La m\u00e9t\u00e9o n\u2019annule pas automatiquement un constat. Pluie, nuit, brouillard ou contre-jour peuvent compliquer la conduite, mais les mat\u00e9riels sont con\u00e7us pour fonctionner dans des conditions d\u00e9finies. Les op\u00e9rateurs doivent respecter les r\u00e8gles d\u2019utilisation du dispositif. Une photographie exploitable et une association coh\u00e9rente entre le v\u00e9hicule et la mesure restent n\u00e9cessaires.<\/p>\n\n<p class=\"wp-block-paragraph\">La plaque est souvent photographi\u00e9e \u00e0 l\u2019arri\u00e8re. L\u2019identification du conducteur n\u2019est pas toujours possible et n\u2019est pas syst\u00e9matiquement n\u00e9cessaire pour adresser l\u2019avis au titulaire du certificat d\u2019immatriculation. Le titulaire est redevable p\u00e9cuniairement dans les conditions pr\u00e9vues \u00e0 l\u2019article L121-3 du code de la route. L\u2019attribution d\u2019un retrait de points d\u00e9pend toutefois de l\u2019identification du conducteur ou des r\u00e8gles de d\u00e9signation applicables.<\/p>\n\n<p class=\"wp-block-paragraph\">Le titulaire qui pr\u00eate son v\u00e9hicule doit donc distinguer l\u2019amende et les points. La r\u00e9ception d\u2019un avis ne prouve pas, \u00e0 elle seule, qui tenait le volant. Une entreprise qui re\u00e7oit un avis pour un v\u00e9hicule d\u00e9tenu par une personne morale doit respecter l\u2019obligation de d\u00e9signation pr\u00e9vue \u00e0 l\u2019article L121-6 du code de la route, sous peine d\u2019une contravention distincte.<\/p>\n\n<p class=\"wp-block-paragraph\">La qualit\u00e9 ou la fiabilit\u00e9 m\u00e9canique d\u2019un v\u00e9hicule ne modifie pas ces r\u00e8gles. Les pannes r\u00e9currentes d\u2019un mod\u00e8le, comme celles recens\u00e9es dans cet article sur la <a href=\"https:\/\/allotaxihorizon.fr\/blog\/citroen-c1-fiabilite-pannes\/\">fiabilit\u00e9 de la Citro\u00ebn C1<\/a>, peuvent avoir des cons\u00e9quences pratiques pour son propri\u00e9taire, mais elles ne changent ni l\u2019homologation du cin\u00e9mom\u00e8tre ni le calcul de la vitesse retenue.<\/p>\n\n<p class=\"wp-block-paragraph\">Une erreur est possible dans toute cha\u00eene administrative, mais elle doit \u00eatre d\u00e9montr\u00e9e. Une immatriculation mal lue, un v\u00e9hicule vendu avant les faits, une incoh\u00e9rence de lieu ou un d\u00e9faut document\u00e9 constituent des \u00e9l\u00e9ments concrets. Le simple sentiment d\u2019avoir roul\u00e9 moins vite ne suffit pas \u00e0 renverser les mentions d\u2019un proc\u00e8s-verbal.<\/p>\n\n<figure class=\"is-provider-youtube is-type-video wp-block-embed wp-block-embed-youtube wp-embed-aspect-16-9 wp-has-aspect-ratio\"><div class=\"wp-block-embed__wrapper\">\n<iframe loading=\"lazy\" title=\"D\u00e9couvrez comment fonctionnent les nouveaux radars mobiles\uff5cTF1 INFO\" width=\"500\" height=\"281\" src=\"https:\/\/www.youtube.com\/embed\/sKpc8nKMZrE?feature=oembed\" frameborder=\"0\" allow=\"accelerometer; autoplay; clipboard-write; encrypted-media; gyroscope; picture-in-picture; web-share\" referrerpolicy=\"strict-origin-when-cross-origin\" allowfullscreen><\/iframe>\n<\/div><\/figure>\n\n<h2 class=\"wp-block-heading\"><span class=\"ez-toc-section\" id=\"Amende_points_et_contestation_apres_un_controle_par_voiture_radar\"><\/span>Amende, points et contestation apr\u00e8s un contr\u00f4le par voiture radar<span class=\"ez-toc-section-end\"><\/span><\/h2>\n\n<p class=\"wp-block-paragraph\">Apr\u00e8s une d\u00e9tection vitesse, l\u2019avis de contravention indique habituellement le lieu, la date, l\u2019heure, la limitation applicable, la vitesse mesur\u00e9e et la vitesse retenue. Commencez par contr\u00f4ler ces mentions. V\u00e9rifiez ensuite que le v\u00e9hicule \u00e9tait bien sous votre garde au moment indiqu\u00e9 et que l\u2019immatriculation correspond \u00e0 votre certificat d\u2019immatriculation.<\/p>\n\n<p class=\"wp-block-paragraph\">Pour un exc\u00e8s de vitesse inf\u00e9rieur \u00e0 20 km\/h hors agglom\u00e9ration, l\u2019amende forfaitaire est de 68 euros. En agglom\u00e9ration, lorsque la vitesse autoris\u00e9e est au plus \u00e9gale \u00e0 50 km\/h, elle est de 135 euros. Ces montants sont ceux pr\u00e9vus en 2026 par le code de la route pour les contraventions de quatri\u00e8me classe, avec un retrait d\u2019un point lorsque le conducteur est identifi\u00e9.<\/p>\n\n<p class=\"wp-block-paragraph\">Le paiement minor\u00e9 d\u00e9pend du mode de transmission et de la date de r\u00e8glement. Pour une amende forfaitaire de 135 euros transmise par voie postale, le montant minor\u00e9 est de <strong>90 euros si le paiement intervient dans les 15 jours<\/strong> suivant l\u2019envoi. Le d\u00e9lai est port\u00e9 \u00e0 30 jours en cas de t\u00e9l\u00e9paiement. Le montant normal doit \u00eatre r\u00e9gl\u00e9 dans les 45 jours, ou 60 jours par t\u00e9l\u00e9paiement, avant majoration selon les indications port\u00e9es sur l\u2019avis.<\/p>\n\n<p class=\"wp-block-paragraph\">Les exc\u00e8s plus \u00e9lev\u00e9s entra\u00eenent des retraits de points croissants. Entre 20 et 29 km\/h au-dessus de la limite, le retrait est de deux points. Entre 30 et 39 km\/h, il atteint trois points. Entre 40 et 49 km\/h, quatre points sont retir\u00e9s. \u00c0 partir de 50 km\/h, le retrait est de six points et les cons\u00e9quences p\u00e9nales ou administratives deviennent nettement plus s\u00e9v\u00e8res.<\/p>\n\n<p class=\"wp-block-paragraph\">Depuis le 1er janvier 2024, un exc\u00e8s de vitesse inf\u00e9rieur \u00e0 5 km\/h n\u2019entra\u00eene plus de retrait de point, conform\u00e9ment \u00e0 l\u2019\u00e9volution de l\u2019article L223-2 du code de la route. L\u2019amende reste due. Cette r\u00e8gle ne supprime donc pas l\u2019infraction. Une vitesse retenue de 51 km\/h dans une zone limit\u00e9e \u00e0 50 km\/h peut \u00eatre sanctionn\u00e9e financi\u00e8rement, m\u00eame si le capital de points n\u2019est pas diminu\u00e9.<\/p>\n\n<p class=\"wp-block-paragraph\">La contestation se r\u00e9alise selon les instructions de l\u2019avis, g\u00e9n\u00e9ralement par le t\u00e9l\u00e9service de l\u2019Agence nationale de traitement automatis\u00e9 des infractions, accessible sur antai.gouv.fr. Ce recours officiel ne facture pas de frais de dossier. Un site qui demande un paiement pour d\u00e9poser une contestation accomplit, au mieux, une saisie que vous pouvez faire gratuitement aupr\u00e8s de l\u2019ANTAI.<\/p>\n\n<ol class=\"wp-block-list\"><li>Relevez la date d\u2019envoi de l\u2019avis et respectez le d\u00e9lai de recours indiqu\u00e9, g\u00e9n\u00e9ralement 45 jours pour une amende forfaitaire.<\/li><li>V\u00e9rifiez la vitesse retenue et le type de radar mentionn\u00e9 afin de contr\u00f4ler que la correction appliqu\u00e9e correspond au dispositif.<\/li><li>Rassemblez les justificatifs objectifs, tels qu\u2019un certificat de cession ant\u00e9rieur, un d\u00e9p\u00f4t de plainte pour vol ou une preuve d\u2019erreur d\u2019immatriculation.<\/li><li>D\u00e9posez la requ\u00eate sur antai.gouv.fr ou utilisez le formulaire joint \u00e0 l\u2019avis, sans payer l\u2019amende si vous contestez dans les formes pr\u00e9vues.<\/li><li>R\u00e9glez la consignation lorsqu\u2019elle est demand\u00e9e : elle ne vaut pas reconnaissance de l\u2019infraction, mais son absence peut rendre la contestation irrecevable.<\/li><\/ol>\n\n<p class=\"wp-block-paragraph\">La consignation n\u2019est pas une amende. Son montant est pr\u00e9cis\u00e9 sur l\u2019avis et d\u00e9pend de l\u2019infraction concern\u00e9e. Elle peut \u00eatre restitu\u00e9e en cas de classement sans suite ou de d\u00e9cision favorable. Pour un dossier complexe, notamment si le v\u00e9hicule a \u00e9t\u00e9 usurp\u00e9 ou si l\u2019avis comporte une incoh\u00e9rence s\u00e9rieuse, l\u2019Officier du minist\u00e8re public ou un avocat peut examiner les pi\u00e8ces du cas r\u00e9el.<\/p>\n\n<p class=\"wp-block-paragraph\">Ne fondez pas une contestation sur le seul fait qu\u2019une voiture \u00e9tait banalis\u00e9e ou qu\u2019aucun flash n\u2019a \u00e9t\u00e9 vu. Ces circonstances sont normales pour ce mode de contr\u00f4le. Une demande solide s\u2019appuie sur une erreur identifiable, un document dat\u00e9 ou une impossibilit\u00e9 mat\u00e9rielle d\u00e9montrable.<\/p>\n\n<p class=\"wp-block-paragraph\">Si vous ne devez retenir qu\u2019un geste, lisez la ligne \u00ab vitesse retenue \u00bb avant toute d\u00e9cision de paiement ou de recours. C\u2019est cette valeur, et non la vitesse affich\u00e9e par votre compteur ni la vitesse brute de l\u2019appareil, qui d\u00e9termine l\u2019existence et l\u2019ampleur de l\u2019exc\u00e8s.<\/p>\n\n\n<h3>Une voiture radar peut-elle verbaliser sans flash visible ?<\/h3>\n<p>Oui. Les dispositifs embarqu\u00e9s utilisent souvent un \u00e9clairage infrarouge pour photographier la plaque. Il n\u2019est g\u00e9n\u00e9ralement pas perceptible par le conducteur, de jour comme de nuit.<\/p>\n<h3>Quelle marge s&rsquo;applique \u00e0 une voiture radar qui roule ?<\/h3>\n<p>En 2026, l\u2019arr\u00eat\u00e9 du 4 juin 2009 pr\u00e9voit une d\u00e9duction de 10 km\/h sous 100 km\/h et de 10 % \u00e0 partir de 100 km\/h pour un cin\u00e9mom\u00e8tre embarqu\u00e9 dans un v\u00e9hicule en mouvement.<\/p>\n<h3>La marge d&rsquo;erreur permet-elle de d\u00e9passer la vitesse autoris\u00e9e ?<\/h3>\n<p>Non. Il s\u2019agit d\u2019une correction m\u00e9trologique appliqu\u00e9e \u00e0 la mesure brute. D\u00e8s que la vitesse retenue d\u00e9passe la limitation, l\u2019infraction peut \u00eatre constat\u00e9e.<\/p>\n<h3>Combien de temps ai-je pour contester un avis de contravention ?<\/h3>\n<p>Le d\u00e9lai indiqu\u00e9 sur l\u2019avis est g\u00e9n\u00e9ralement de 45 jours pour une amende forfaitaire. La d\u00e9marche officielle est accessible gratuitement sur antai.gouv.fr.<\/p>\n\n","protected":false},"excerpt":{"rendered":"<p>Les voitures-radar circulent sans marquage apparent et peuvent contr\u00f4ler la vitesse de jour comme de nuit. Lorsqu\u2019elles sont en mouvement, la vitesse relev\u00e9e b\u00e9n\u00e9ficie d\u2019un abattement technique plus \u00e9lev\u00e9 que celui d\u2019un radar fixe, soit 10 km\/h sous 100 km\/h et 10 % \u00e0 partir de 100 km\/h. Cette correction ne donne aucun droit \u00e0 [&hellip;]<\/p>\n","protected":false},"author":1,"featured_media":312,"comment_status":"open","ping_status":"closed","sticky":false,"template":"","format":"standard","meta":{"footnotes":""},"categories":[1],"tags":[],"class_list":["post-311","post","type-post","status-publish","format-standard","has-post-thumbnail","hentry","category-actualites-mobilite"],"_links":{"self":[{"href":"https:\/\/allotaxihorizon.fr\/blog\/wp-json\/wp\/v2\/posts\/311","targetHints":{"allow":["GET"]}}],"collection":[{"href":"https:\/\/allotaxihorizon.fr\/blog\/wp-json\/wp\/v2\/posts"}],"about":[{"href":"https:\/\/allotaxihorizon.fr\/blog\/wp-json\/wp\/v2\/types\/post"}],"author":[{"embeddable":true,"href":"https:\/\/allotaxihorizon.fr\/blog\/wp-json\/wp\/v2\/users\/1"}],"replies":[{"embeddable":true,"href":"https:\/\/allotaxihorizon.fr\/blog\/wp-json\/wp\/v2\/comments?post=311"}],"version-history":[{"count":2,"href":"https:\/\/allotaxihorizon.fr\/blog\/wp-json\/wp\/v2\/posts\/311\/revisions"}],"predecessor-version":[{"id":315,"href":"https:\/\/allotaxihorizon.fr\/blog\/wp-json\/wp\/v2\/posts\/311\/revisions\/315"}],"wp:featuredmedia":[{"embeddable":true,"href":"https:\/\/allotaxihorizon.fr\/blog\/wp-json\/wp\/v2\/media\/312"}],"wp:attachment":[{"href":"https:\/\/allotaxihorizon.fr\/blog\/wp-json\/wp\/v2\/media?parent=311"}],"wp:term":[{"taxonomy":"category","embeddable":true,"href":"https:\/\/allotaxihorizon.fr\/blog\/wp-json\/wp\/v2\/categories?post=311"},{"taxonomy":"post_tag","embeddable":true,"href":"https:\/\/allotaxihorizon.fr\/blog\/wp-json\/wp\/v2\/tags?post=311"}],"curies":[{"name":"wp","href":"https:\/\/api.w.org\/{rel}","templated":true}]}}