{"id":316,"date":"2026-08-29T21:49:25","date_gmt":"2026-08-29T21:49:25","guid":{"rendered":"https:\/\/allotaxihorizon.fr\/blog\/ds8-autonomie-dimensions\/"},"modified":"2026-08-29T22:35:15","modified_gmt":"2026-08-29T22:35:15","slug":"ds8-autonomie-dimensions","status":"publish","type":"post","link":"https:\/\/allotaxihorizon.fr\/blog\/ds8-autonomie-dimensions\/","title":{"rendered":"DS 8 : autonomie, dimensions et positionnement de la berline"},"content":{"rendered":"<p class=\"wp-block-paragraph\">La DS 8 se place parmi les grandes voitures \u00e9lectriques destin\u00e9es aux trajets fr\u00e9quents et aux longues distances. Son prix d\u2019acc\u00e8s annonc\u00e9 \u00e0 partir de <strong>59 200 \u20ac en 2026<\/strong>, selon les tarifs publi\u00e9s par DS Automobiles, la situe face aux berlines et SUV coup\u00e9s haut de gamme. L\u2019autonomie annonc\u00e9e varie de 550 \u00e0 750 km WLTP selon la batterie, la transmission et les roues retenues.<\/p>\n\n<p class=\"wp-block-paragraph\">En bref<\/p>\n\n<ul class=\"wp-block-list\"><li>La DS 8 mesure 4,82 m de long et offre un coffre de 620 litres, ce qui la destine aux usages familiaux et routiers.<\/li><li>La version 74 kWh annonce 550 km WLTP, tandis que la batterie de 97 kWh porte l\u2019autonomie \u00e0 750 km WLTP en traction.<\/li><li>La version \u00e0 transmission int\u00e9grale d\u00e9veloppe 350 ch et annonce 664 km WLTP, avec une autonomie moindre li\u00e9e \u00e0 sa puissance et \u00e0 ses deux moteurs.<\/li><li>Le tarif d\u00e9marre \u00e0 59 200 \u20ac et atteint 74 600 \u20ac pour la version 97 kWh \u00e0 quatre roues motrices, prix DS Automobiles constat\u00e9s en 2026.<\/li><li>La recharge rapide atteint 160 kW en courant continu, avec un passage de 10 \u00e0 80 % annonc\u00e9 en environ 30 minutes sur une borne compatible.<\/li><\/ul>\n\n<div id=\"ez-toc-container\" class=\"ez-toc-v2_0_87 counter-hierarchy ez-toc-counter ez-toc-grey ez-toc-container-direction\">\n<div class=\"ez-toc-title-container\">\n<p class=\"ez-toc-title\" style=\"cursor:inherit\">Sommaire<\/p>\n<span class=\"ez-toc-title-toggle\"><a href=\"#\" class=\"ez-toc-pull-right ez-toc-btn ez-toc-btn-xs ez-toc-btn-default ez-toc-toggle\" aria-label=\"Toggle Table of Content\"><span class=\"ez-toc-js-icon-con\"><span class=\"\"><span class=\"eztoc-hide\" style=\"display:none;\">Toggle<\/span><span class=\"ez-toc-icon-toggle-span\"><svg style=\"fill: #999;color:#999\" xmlns=\"http:\/\/www.w3.org\/2000\/svg\" class=\"list-377408\" width=\"20px\" height=\"20px\" viewBox=\"0 0 24 24\" fill=\"none\"><path d=\"M6 6H4v2h2V6zm14 0H8v2h12V6zM4 11h2v2H4v-2zm16 0H8v2h12v-2zM4 16h2v2H4v-2zm16 0H8v2h12v-2z\" fill=\"currentColor\"><\/path><\/svg><svg style=\"fill: #999;color:#999\" class=\"arrow-unsorted-368013\" xmlns=\"http:\/\/www.w3.org\/2000\/svg\" width=\"10px\" height=\"10px\" viewBox=\"0 0 24 24\" version=\"1.2\" baseProfile=\"tiny\"><path d=\"M18.2 9.3l-6.2-6.3-6.2 6.3c-.2.2-.3.4-.3.7s.1.5.3.7c.2.2.4.3.7.3h11c.3 0 .5-.1.7-.3.2-.2.3-.5.3-.7s-.1-.5-.3-.7zM5.8 14.7l6.2 6.3 6.2-6.3c.2-.2.3-.5.3-.7s-.1-.5-.3-.7c-.2-.2-.4-.3-.7-.3h-11c-.3 0-.5.1-.7.3-.2.2-.3.5-.3.7s.1.5.3.7z\"\/><\/svg><\/span><\/span><\/span><\/a><\/span><\/div>\n<nav><ul class='ez-toc-list ez-toc-list-level-1 eztoc-toggle-hide-by-default' ><li class='ez-toc-page-1 ez-toc-heading-level-2'><a class=\"ez-toc-link ez-toc-heading-1\" href=\"https:\/\/allotaxihorizon.fr\/blog\/ds8-autonomie-dimensions\/#DS_8_un_positionnement_entre_berline_electrique_et_SUV_coupe\" >DS 8 : un positionnement entre berline \u00e9lectrique et SUV coup\u00e9<\/a><\/li><li class='ez-toc-page-1 ez-toc-heading-level-2'><a class=\"ez-toc-link ez-toc-heading-2\" href=\"https:\/\/allotaxihorizon.fr\/blog\/ds8-autonomie-dimensions\/#Autonomie_DS_8_comprendre_les_550_664_et_750_km_WLTP\" >Autonomie DS 8 : comprendre les 550, 664 et 750 km WLTP<\/a><\/li><li class='ez-toc-page-1 ez-toc-heading-level-2'><a class=\"ez-toc-link ez-toc-heading-3\" href=\"https:\/\/allotaxihorizon.fr\/blog\/ds8-autonomie-dimensions\/#Dimensions_de_la_DS_8_habitabilite_coffre_et_contraintes_de_gabarit\" >Dimensions de la DS 8 : habitabilit\u00e9, coffre et contraintes de gabarit<\/a><\/li><li class='ez-toc-page-1 ez-toc-heading-level-2'><a class=\"ez-toc-link ez-toc-heading-4\" href=\"https:\/\/allotaxihorizon.fr\/blog\/ds8-autonomie-dimensions\/#Performance_DS_8_puissance_traction_et_transmission_integrale\" >Performance DS 8 : puissance, traction et transmission int\u00e9grale<\/a><\/li><li class='ez-toc-page-1 ez-toc-heading-level-2'><a class=\"ez-toc-link ez-toc-heading-5\" href=\"https:\/\/allotaxihorizon.fr\/blog\/ds8-autonomie-dimensions\/#Recharge_prix_et_cout_dusage_de_la_DS_8_electrique\" >Recharge, prix et co\u00fbt d\u2019usage de la DS 8 \u00e9lectrique<\/a><\/li><li class='ez-toc-page-1 ez-toc-heading-level-2'><a class=\"ez-toc-link ez-toc-heading-6\" href=\"https:\/\/allotaxihorizon.fr\/blog\/ds8-autonomie-dimensions\/#Confort_technologie_et_place_de_la_DS_8_dans_la_gamme_DS\" >Confort, technologie et place de la DS 8 dans la gamme DS<\/a><\/li><\/ul><\/nav><\/div>\n<h2 class=\"wp-block-heading\"><span class=\"ez-toc-section\" id=\"DS_8_un_positionnement_entre_berline_electrique_et_SUV_coupe\"><\/span>DS 8 : un positionnement entre berline \u00e9lectrique et SUV coup\u00e9<span class=\"ez-toc-section-end\"><\/span><\/h2>\n\n<p class=\"wp-block-paragraph\">La DS 8 ne reprend pas la silhouette classique d\u2019une berline basse, ni celle d\u2019un SUV traditionnel. DS Automobiles la pr\u00e9sente comme une grande voiture \u00e9lectrique \u00e0 la ligne sur\u00e9lev\u00e9e, avec un toit fuyant et une carrosserie travaill\u00e9e pour limiter la r\u00e9sistance de l\u2019air. Ce positionnement vise les automobilistes qui veulent une assise plus haute qu\u2019\u00e0 bord d\u2019une routi\u00e8re conventionnelle, sans accepter le poids et la surface frontale d\u2019un grand SUV.<\/p>\n\n<p class=\"wp-block-paragraph\">Ses dimensions donnent imm\u00e9diatement la mesure du v\u00e9hicule. La DS 8 affiche <strong>4 820 mm de longueur<\/strong>, 2 100 mm de largeur avec les r\u00e9troviseurs et 1 580 mm de hauteur, selon la fiche technique communiqu\u00e9e par le constructeur pour l\u2019ann\u00e9e 2026. Son empattement atteint 2 900 mm. Cette distance entre les deux essieux contribue \u00e0 m\u00e9nager de la place aux jambes et \u00e0 installer une batterie de grande capacit\u00e9 dans le plancher.<\/p>\n\n<p class=\"wp-block-paragraph\">Le terme de berline reste pertinent par son usage. La DS 8 est con\u00e7ue pour transporter quatre adultes avec leurs bagages, sur des parcours autoroutiers ou interurbains, tout en conservant une consommation homologu\u00e9e contenue. La hauteur suppl\u00e9mentaire facilite l\u2019acc\u00e8s \u00e0 bord et donne une posture de conduite diff\u00e9rente de celle d\u2019une berline traditionnelle. Elle ne transforme pas pour autant le v\u00e9hicule en tout-terrain, car sa vocation demeure le d\u00e9placement sur route.<\/p>\n\n<p class=\"wp-block-paragraph\">Cette orientation explique le travail sur le design a\u00e9rodynamique. \u00c0 vitesse stabilis\u00e9e, surtout sur autoroute, l\u2019air oppose une r\u00e9sistance qui augmente fortement lorsque la vitesse progresse. Une silhouette moins haute et un arri\u00e8re \u00e9tir\u00e9 permettent de r\u00e9duire une partie de cette d\u00e9pense d\u2019\u00e9nergie. Pour une voiture \u00e9lectrique affichant pr\u00e8s de 2,3 tonnes \u00e0 vide, cette recherche de sobri\u00e9t\u00e9 est directement li\u00e9e \u00e0 l\u2019autonomie annonc\u00e9e.<\/p>\n\n<p class=\"wp-block-paragraph\">Le choix de cette carrosserie place la DS 8 dans une zone interm\u00e9diaire du march\u00e9. Elle ne cherche pas \u00e0 concurrencer les citadines \u00e9lectriques, dont les priorit\u00e9s sont le prix et la facilit\u00e9 de stationnement. Elle vise plut\u00f4t les utilisateurs qui comparent une grande routi\u00e8re \u00e9lectrique, un SUV haut de gamme ou un v\u00e9hicule familial \u00e0 coffre g\u00e9n\u00e9reux. Les dimensions restent \u00e0 v\u00e9rifier avant l\u2019achat si le v\u00e9hicule doit entrer dans un garage \u00e9troit ou utiliser r\u00e9guli\u00e8rement des places de stationnement anciennes.<\/p>\n\n<h3 class=\"wp-block-heading\">Une largeur \u00e0 anticiper pour le stationnement quotidien<\/h3>\n\n<p class=\"wp-block-paragraph\">La largeur de 2,10 m avec les r\u00e9troviseurs demande une attention particuli\u00e8re. Dans certains parkings publics, les emplacements trac\u00e9s \u00e0 2,30 m ou 2,40 m laissent peu de marge une fois les portes ouvertes. La longueur de 4,82 m peut \u00e9galement compliquer les cr\u00e9neaux dans les rues o\u00f9 les places sont courtes, sans emp\u00eacher un usage quotidien lorsque le stationnement est pr\u00e9vu.<\/p>\n\n<p class=\"wp-block-paragraph\">Le gabarit doit donc \u00eatre compar\u00e9 \u00e0 l\u2019usage r\u00e9el, et non \u00e0 la seule cat\u00e9gorie commerciale. Un foyer parcourant surtout des kilom\u00e8tres d\u2019autoroute, avec un point de recharge \u00e0 domicile ou au travail, y trouvera une coh\u00e9rence. \u00c0 l\u2019inverse, pour des d\u00e9placements urbains courts et un stationnement quotidien dans des parkings serr\u00e9s, une voiture plus compacte peut r\u00e9duire les contraintes sans r\u00e9pondre au m\u00eame besoin d\u2019autonomie.<\/p>\n\n<p class=\"wp-block-paragraph\">La DS 8 propose un coffre de 620 litres, et jusqu\u2019\u00e0 1 834 litres une fois la banquette arri\u00e8re rabattue, chiffres de la fiche constructeur 2026. Ce volume rapproche davantage le v\u00e9hicule d\u2019une familiale que d\u2019une simple berline statutaire. La profondeur du coffre implique toutefois de pr\u00e9voir le rangement des objets lourds pr\u00e8s du seuil, car les sacs plac\u00e9s au fond sont moins faciles \u00e0 atteindre.<\/p>\n\n<p class=\"wp-block-paragraph\">Ce positionnement entre berline et SUV coup\u00e9 n\u2019est pas une affaire de vocabulaire. Il traduit un compromis concret entre espace int\u00e9rieur, a\u00e9rodynamisme, garde au sol apparente et co\u00fbt \u00e9nerg\u00e9tique sur longs trajets.<\/p>\n\n\n\n<figure class=\"wp-block-image size-large\"><img loading=\"lazy\" decoding=\"async\" width=\"1536\" height=\"1024\" src=\"https:\/\/allotaxihorizon.fr\/blog\/wp-content\/uploads\/2026\/08\/recharge-berline-electrique-cable-jante.jpg\" alt=\"C\u00e2ble de recharge branch\u00e9 sur une berline \u00e9lectrique\" class=\"wp-image-318\" srcset=\"https:\/\/allotaxihorizon.fr\/blog\/wp-content\/uploads\/2026\/08\/recharge-berline-electrique-cable-jante.jpg 1536w, https:\/\/allotaxihorizon.fr\/blog\/wp-content\/uploads\/2026\/08\/recharge-berline-electrique-cable-jante-300x200.jpg 300w, https:\/\/allotaxihorizon.fr\/blog\/wp-content\/uploads\/2026\/08\/recharge-berline-electrique-cable-jante-1024x683.jpg 1024w, https:\/\/allotaxihorizon.fr\/blog\/wp-content\/uploads\/2026\/08\/recharge-berline-electrique-cable-jante-768x512.jpg 768w\" sizes=\"auto, (max-width: 1536px) 100vw, 1536px\" \/><figcaption class=\"wp-element-caption\">Illustration g\u00e9n\u00e9r\u00e9e par intelligence artificielle.<\/figcaption><\/figure>\n\n<h2 class=\"wp-block-heading\"><span class=\"ez-toc-section\" id=\"Autonomie_DS_8_comprendre_les_550_664_et_750_km_WLTP\"><\/span>Autonomie DS 8 : comprendre les 550, 664 et 750 km WLTP<span class=\"ez-toc-section-end\"><\/span><\/h2>\n\n<p class=\"wp-block-paragraph\">L\u2019autonomie constitue le premier chiffre \u00e0 remettre dans son contexte. La DS 8 est propos\u00e9e avec deux capacit\u00e9s de batterie. La version d\u2019acc\u00e8s re\u00e7oit une batterie de 74 kWh bruts, dont 70 kWh utiles, et annonce 550 km selon le cycle WLTP. La version Long Range utilise une batterie de 97 kWh bruts, dont 92 kWh utiles, pour atteindre jusqu\u2019\u00e0 <strong>750 km WLTP<\/strong> en traction avant, selon l\u2019homologation publi\u00e9e par DS Automobiles.<\/p>\n\n<p class=\"wp-block-paragraph\">Le cycle WLTP est une proc\u00e9dure d\u2019homologation europ\u00e9enne. Il permet de comparer les v\u00e9hicules dans des conditions identiques, mais ne garantit pas une distance identique pour chaque trajet. La temp\u00e9rature ext\u00e9rieure, le vent, le relief, la vitesse, le chauffage et les pneumatiques modifient la consommation. Une valeur WLTP doit donc servir \u00e0 comparer les versions entre elles et \u00e0 \u00e9tablir un premier budget, non \u00e0 fixer un nombre de kilom\u00e8tres certain avant le d\u00e9part.<\/p>\n\n<p class=\"wp-block-paragraph\">La version \u00e0 transmission int\u00e9grale conserve la grande batterie, mais son autonomie homologu\u00e9e descend \u00e0 664 km WLTP. Elle emploie deux moteurs et d\u00e9veloppe davantage de puissance. La diff\u00e9rence avec les 750 km de la traction Long Range montre clairement l\u2019effet de la motorisation et du poids sur le r\u00e9sultat final. Un v\u00e9hicule plus puissant peut \u00eatre appropri\u00e9 \u00e0 certains usages, mais la batterie ne suffit pas \u00e0 elle seule \u00e0 d\u00e9terminer la distance parcourue.<\/p>\n\n<figure class=\"wp-block-table\"><table>\n<thead>\n<tr>\n<th>Version DS 8<\/th>\n<th>Batterie utile<\/th>\n<th>Transmission<\/th>\n<th>Autonomie WLTP<\/th>\n<th>Prix de d\u00e9part constat\u00e9 en 2026<\/th>\n<\/tr>\n<\/thead>\n<tbody>\n<tr>\n<td>DS 8 74 kWh<\/td>\n<td>70 kWh<\/td>\n<td>Traction avant<\/td>\n<td>550 km<\/td>\n<td>59 200 \u20ac<\/td>\n<\/tr>\n<tr>\n<td>DS 8 Long Range 97 kWh<\/td>\n<td>92 kWh<\/td>\n<td>Traction avant<\/td>\n<td>Jusqu\u2019\u00e0 750 km<\/td>\n<td>63 300 \u20ac<\/td>\n<\/tr>\n<tr>\n<td>DS 8 Long Range AWD 97 kWh<\/td>\n<td>92 kWh<\/td>\n<td>Transmission int\u00e9grale<\/td>\n<td>664 km<\/td>\n<td>74 600 \u20ac<\/td>\n<\/tr>\n<\/tbody>\n<\/table><\/figure>\n\n<p class=\"wp-block-paragraph\">Les tarifs et autonomies du tableau correspondent aux donn\u00e9es DS Automobiles et aux fiches d\u2019homologation disponibles en 2026. La variable principale est double. La capacit\u00e9 utilisable de la batterie fait progresser l\u2019autonomie, tandis que la pr\u00e9sence d\u2019un second moteur et d\u2019une transmission int\u00e9grale augmente les besoins \u00e9nerg\u00e9tiques. Les jantes, les pneus et certains \u00e9quipements peuvent aussi modifier la valeur homologu\u00e9e exacte d\u2019une configuration.<\/p>\n\n<h3 class=\"wp-block-heading\">Ce qu\u2019il reste sur autoroute \u00e0 130 km\/h<\/h3>\n\n<p class=\"wp-block-paragraph\">Sur autoroute, l\u2019autonomie r\u00e9elle est toujours inf\u00e9rieure \u00e0 la valeur WLTP maximale. Des essais routiers publi\u00e9s sur la DS 8 Long Range \u00e9voquent un ordre de grandeur voisin de 400 km \u00e0 vitesse autorouti\u00e8re, dans des conditions favorables et avec une conduite r\u00e9guli\u00e8re. Ce chiffre doit \u00eatre trait\u00e9 comme une estimation d\u2019usage et non comme une donn\u00e9e d\u2019homologation, car il change nettement entre un trajet estival sans vent et un d\u00e9part hivernal charg\u00e9.<\/p>\n\n<p class=\"wp-block-paragraph\">Pour organiser un d\u00e9placement, mieux vaut pr\u00e9voir une marge d\u2019arriv\u00e9e plut\u00f4t que de viser la batterie vide. Arriver \u00e0 une borne avec 10 \u00e0 15 % de charge restante permet de tenir compte d\u2019une station indisponible, d\u2019un d\u00e9tour ou d\u2019une consommation sup\u00e9rieure \u00e0 celle pr\u00e9vue. La voiture \u00e9lectrique reste plus facile \u00e0 utiliser lorsque les pauses sont d\u00e9cid\u00e9es avant que l\u2019indicateur ne devienne contraignant.<\/p>\n\n<p class=\"wp-block-paragraph\">La consommation homologu\u00e9e de la DS 8 est annonc\u00e9e \u00e0 15,7 kWh pour 100 km dans certaines configurations WLTP, ce qui la place dans la classe C de l\u2019\u00e9tiquette \u00e9nerg\u00e9tique, comprise entre 14 et 16 kWh\/100 km. Avec un prix domestique indicatif de 0,25 \u20ac par kWh TTC, prix qui d\u00e9pend du contrat et de l\u2019option tarifaire, 15,7 kWh repr\u00e9sentent 3,93 \u20ac pour 100 km. Pour v\u00e9rifier le co\u00fbt selon le type de borne et le contrat souscrit, consultez ce guide sur <a href=\"https:\/\/allotaxihorizon.fr\/blog\/recharge-prix-kwh\/\">le prix du kWh de recharge<\/a>.<\/p>\n\n<p class=\"wp-block-paragraph\">La promesse de 750 km donne une indication utile sur l\u2019efficience de la grande batterie, mais la pr\u00e9paration d\u2019un voyage doit rester fond\u00e9e sur la vitesse pr\u00e9vue, les arr\u00eats possibles et le prix r\u00e9el de l\u2019\u00e9nergie.<\/p>\n\n<figure class=\"is-provider-youtube is-type-video wp-block-embed wp-block-embed-youtube wp-embed-aspect-16-9 wp-has-aspect-ratio\"><div class=\"wp-block-embed__wrapper\">\n<iframe loading=\"lazy\" title=\"Nouvelle DS n\u00b08 ! Nouveau Style , Nouveau Moteur ... Tout savoir sur cette Nouvelle DS\" width=\"500\" height=\"281\" src=\"https:\/\/www.youtube.com\/embed\/SS1Fi-QSy_o?feature=oembed\" frameborder=\"0\" allow=\"accelerometer; autoplay; clipboard-write; encrypted-media; gyroscope; picture-in-picture; web-share\" referrerpolicy=\"strict-origin-when-cross-origin\" allowfullscreen><\/iframe>\n<\/div><\/figure>\n\n<h2 class=\"wp-block-heading\"><span class=\"ez-toc-section\" id=\"Dimensions_de_la_DS_8_habitabilite_coffre_et_contraintes_de_gabarit\"><\/span>Dimensions de la DS 8 : habitabilit\u00e9, coffre et contraintes de gabarit<span class=\"ez-toc-section-end\"><\/span><\/h2>\n\n<p class=\"wp-block-paragraph\">Les dimensions de la DS 8 int\u00e9ressent autant les conducteurs qui roulent loin que ceux qui transportent r\u00e9guli\u00e8rement des passagers ou des bagages. Les 4,82 m de longueur procurent un volume int\u00e9rieur cons\u00e9quent, mais ils imposent aussi de regarder les contraintes mat\u00e9rielles avant signature. La rampe d\u2019un garage, la largeur du portail, la longueur de l\u2019emplacement privatif et la position de la borne de recharge font partie de la v\u00e9rification.<\/p>\n\n<p class=\"wp-block-paragraph\">La hauteur de 1,58 m distingue cette voiture \u00e9lectrique d\u2019un SUV de grande taille. Elle offre une position plus \u00e9lev\u00e9e que celle d\u2019une berline basse, sans franchir la barre habituelle des grands SUV familiaux. Ce choix participe au design et \u00e0 la recherche d\u2019une bonne p\u00e9n\u00e9tration dans l\u2019air. Il a aussi des cons\u00e9quences pratiques pour les parkings couverts, dont certains affichent une limite de hauteur \u00e0 1,90 m ou 2 m, largement compatible avec la DS 8.<\/p>\n\n<p class=\"wp-block-paragraph\">L\u2019empattement de 2,90 m permet de r\u00e9partir les espaces entre les essieux. Sur une architecture \u00e9lectrique, l\u2019absence de tunnel de transmission traditionnel lib\u00e8re une partie du plancher. La place centrale arri\u00e8re demeure g\u00e9n\u00e9ralement moins confortable que les deux si\u00e8ges lat\u00e9raux, en raison du dessin de la banquette et du pavillon qui descend vers l\u2019arri\u00e8re. Pour cinq adultes sur une longue distance, un essai statique et routier reste pr\u00e9f\u00e9rable \u00e0 une lecture de dimensions.<\/p>\n\n<h3 class=\"wp-block-heading\">Le coffre de 620 litres r\u00e9pond \u00e0 un usage de grande familiale<\/h3>\n\n<p class=\"wp-block-paragraph\">Le coffre annonc\u00e9 \u00e0 620 litres est un argument concret pour les d\u00e9parts charg\u00e9s. Il permet d\u2019embarquer plusieurs valises, des sacs souples ou du mat\u00e9riel courant sans devoir rabattre la banquette. Lorsque les si\u00e8ges arri\u00e8re sont repli\u00e9s, DS annonce jusqu\u2019\u00e0 1 834 litres. Ce volume convient \u00e0 des objets encombrants, sous r\u00e9serve de v\u00e9rifier les dimensions de la baie de chargement et la longueur utile disponible.<\/p>\n\n<p class=\"wp-block-paragraph\">Les litres ne racontent pas tout. Une capacit\u00e9 \u00e9lev\u00e9e avec un seuil profond peut demander davantage d\u2019effort pour r\u00e9cup\u00e9rer un bagage plac\u00e9 contre le dossier arri\u00e8re. Les utilisateurs qui chargent souvent une poussette, un fauteuil pliant ou des \u00e9quipements professionnels ont int\u00e9r\u00eat \u00e0 mesurer ces objets et \u00e0 les pr\u00e9senter lors d\u2019un essai. C\u2019est plus fiable qu\u2019une comparaison entre chiffres de volume, qui ne tient pas compte de la forme r\u00e9elle du coffre.<\/p>\n\n<p class=\"wp-block-paragraph\">La masse \u00e0 vide annonc\u00e9e atteint 2 289 kg, selon la fiche technique du constructeur. Cette donn\u00e9e p\u00e8se sur l\u2019usure des pneus, l\u2019\u00e9nergie consomm\u00e9e et les distances de freinage, sans relever de la seule question de puissance. Les propri\u00e9taires doivent respecter les dimensions et les charges mentionn\u00e9es sur le certificat d\u2019immatriculation une fois le v\u00e9hicule r\u00e9ceptionn\u00e9, notamment avant de choisir un porte-v\u00e9los ou une remorque.<\/p>\n\n<p class=\"wp-block-paragraph\">La DS 8 embarque Android Auto et Apple CarPlay, ce qui permet d\u2019utiliser les applications de navigation compatibles. Pour les trajets \u00e9lectriques, l\u2019int\u00e9r\u00eat pratique est de planifier les pauses \u00e0 partir du niveau de charge, de la puissance des stations et de leur disponibilit\u00e9. La technologie ne dispense pas de contr\u00f4ler, au d\u00e9part, les conditions d\u2019acc\u00e8s de la station et les moyens de paiement accept\u00e9s.<\/p>\n\n<p class=\"wp-block-paragraph\">La comparaison avec un SUV plus compact peut aider \u00e0 visualiser cette largeur et cette longueur. Les conducteurs qui h\u00e9sitent avec une carrosserie plus courte peuvent consulter les mesures et usages du <a href=\"https:\/\/allotaxihorizon.fr\/blog\/t-cross-dimensions-motorisations\/\">Volkswagen T-Cross et de ses dimensions<\/a>, afin de situer l\u2019\u00e9cart de gabarit entre deux cat\u00e9gories qui ne r\u00e9pondent pas aux m\u00eames trajets.<\/p>\n\n<p class=\"wp-block-paragraph\">Les dimensions de la DS 8 apportent une habitabilit\u00e9 coh\u00e9rente avec son prix et son autonomie, mais elles exigent un stationnement adapt\u00e9 d\u00e8s le premier jour.<\/p>\n\n<h2 class=\"wp-block-heading\"><span class=\"ez-toc-section\" id=\"Performance_DS_8_puissance_traction_et_transmission_integrale\"><\/span>Performance DS 8 : puissance, traction et transmission int\u00e9grale<span class=\"ez-toc-section-end\"><\/span><\/h2>\n\n<p class=\"wp-block-paragraph\">La gamme DS 8 repose sur trois niveaux de performance. La version traction d\u2019acc\u00e8s utilise un moteur avant de 169 kW, soit 230 ch, avec un couple de 343 Nm. Le 0 \u00e0 100 km\/h est annonc\u00e9 en 7,7 secondes et la vitesse maximale est limit\u00e9e \u00e0 190 km\/h. Ces valeurs correspondent \u00e0 une grande berline \u00e9lectrique con\u00e7ue pour des relances faciles, non \u00e0 un v\u00e9hicule destin\u00e9 \u00e0 la comp\u00e9tition.<\/p>\n\n<p class=\"wp-block-paragraph\">La version Long Range \u00e0 traction avant adopte un moteur de 180 kW, soit 245 ch. Le temps annonc\u00e9 de 0 \u00e0 100 km\/h reste de 7,7 secondes, avec le m\u00eame couple de 343 Nm. L\u2019int\u00e9r\u00eat principal de cette d\u00e9clinaison n\u2019est donc pas une acc\u00e9l\u00e9ration plus rapide, mais l\u2019association entre grande batterie et autonomie maximale. Elle repr\u00e9sente la configuration \u00e0 regarder lorsque la fr\u00e9quence des longs trajets compte davantage que les d\u00e9marrages rapides.<\/p>\n\n<p class=\"wp-block-paragraph\">La version transmission int\u00e9grale re\u00e7oit deux moteurs pour une puissance cumul\u00e9e de 257 kW, soit 350 ch, et 509 Nm de couple. DS annonce 5,4 secondes pour passer de 0 \u00e0 100 km\/h. La vitesse maximale demeure limit\u00e9e \u00e0 190 km\/h. Les reprises sont plus franches, mais le prix de d\u00e9part grimpe \u00e0 <strong>74 600 \u20ac en 2026<\/strong>, contre 63 300 \u20ac pour la Long Range traction, selon la grille tarifaire DS.<\/p>\n\n<h3 class=\"wp-block-heading\">La puissance doit \u00eatre lue avec le co\u00fbt d\u2019achat et l\u2019autonomie<\/h3>\n\n<p class=\"wp-block-paragraph\">Le choix entre traction et transmission int\u00e9grale ne se r\u00e9sume pas au nombre de chevaux. La traction avant annonce jusqu\u2019\u00e0 750 km WLTP, quand l\u2019int\u00e9grale est annonc\u00e9e \u00e0 664 km WLTP avec la m\u00eame capacit\u00e9 de batterie. L\u2019\u00e9cart de 86 km en cycle WLTP traduit la consommation suppl\u00e9mentaire li\u00e9e \u00e0 l\u2019architecture plus puissante. Il faut aussi tenir compte de l\u2019\u00e9cart de prix de 11 300 \u20ac entre les deux versions Long Range \u00e0 tarifs 2026.<\/p>\n\n<p class=\"wp-block-paragraph\">Les performances doivent \u00eatre replac\u00e9es dans le cadre r\u00e9glementaire fran\u00e7ais. Sur autoroute, la vitesse maximale autoris\u00e9e est en principe de 130 km\/h, fix\u00e9e par l\u2019article R413-2 du code de la route, avec des abaissements possibles selon les conditions m\u00e9t\u00e9orologiques ou la signalisation. Une vitesse maximale de 190 km\/h n\u2019est donc pas un argument d\u2019usage courant. Les reprises entre 80 et 120 km\/h, utiles pour s\u2019ins\u00e9rer et d\u00e9passer, sont plus repr\u00e9sentatives de la conduite quotidienne.<\/p>\n\n<figure class=\"is-provider-youtube is-type-video wp-block-embed wp-block-embed-youtube wp-embed-aspect-16-9 wp-has-aspect-ratio\"><div class=\"wp-block-embed__wrapper\">\n<iframe loading=\"lazy\" title=\"DS N\u00b08 : 750 km d\u2019autonomie et luxe \u00e0 la fran\u00e7aise \ud83c\uddeb\ud83c\uddf7\u26a1 | Essai complet\" width=\"500\" height=\"281\" src=\"https:\/\/www.youtube.com\/embed\/2AlCvPz4lmU?feature=oembed\" frameborder=\"0\" allow=\"accelerometer; autoplay; clipboard-write; encrypted-media; gyroscope; picture-in-picture; web-share\" referrerpolicy=\"strict-origin-when-cross-origin\" allowfullscreen><\/iframe>\n<\/div><\/figure>\n\n<p class=\"wp-block-paragraph\">Le couple disponible imm\u00e9diatement est une caract\u00e9ristique habituelle d\u2019une voiture \u00e9lectrique. Il \u00e9vite d\u2019attendre un changement de rapport pour obtenir une acc\u00e9l\u00e9ration. Cette facilit\u00e9 ne dispense pas de conduire avec mesure, surtout sur sol humide o\u00f9 le poids \u00e9lev\u00e9 et la puissance peuvent r\u00e9duire la marge disponible. Les aides \u00e9lectroniques encadrent le comportement, mais elles ne modifient ni l\u2019adh\u00e9rence des pneus ni les distances n\u00e9cessaires pour s\u2019arr\u00eater.<\/p>\n\n<p class=\"wp-block-paragraph\">Le confort de conduite d\u00e9pend \u00e9galement de la suspension, de l\u2019insonorisation et de la stabilit\u00e9. La DS 8 cherche un comportement feutr\u00e9, adapt\u00e9 aux longues \u00e9tapes. Ce point ne peut \u00eatre confirm\u00e9 pour une personne donn\u00e9e qu\u2019au cours d\u2019un essai, car la perception de la position de conduite, du maintien des si\u00e8ges et de l\u2019ergonomie varie selon la taille du conducteur et l\u2019usage pr\u00e9vu.<\/p>\n\n<p class=\"wp-block-paragraph\">La puissance de 350 ch r\u00e9pond \u00e0 un besoin pr\u00e9cis de performances et de transmission int\u00e9grale. Pour un usage majoritairement routier avec recherche d\u2019autonomie, la traction Long Range conserve une logique financi\u00e8re et \u00e9nerg\u00e9tique plus directe.<\/p>\n\n<h2 class=\"wp-block-heading\"><span class=\"ez-toc-section\" id=\"Recharge_prix_et_cout_dusage_de_la_DS_8_electrique\"><\/span>Recharge, prix et co\u00fbt d\u2019usage de la DS 8 \u00e9lectrique<span class=\"ez-toc-section-end\"><\/span><\/h2>\n\n<p class=\"wp-block-paragraph\">La recharge est le point qui transforme une autonomie th\u00e9orique en usage quotidien. La DS 8 accepte jusqu\u2019\u00e0 160 kW en courant continu sur une borne rapide \u00e9quip\u00e9e d\u2019un connecteur Combo CCS. DS indique un passage de 10 \u00e0 80 % en environ <strong>30 minutes<\/strong> dans des conditions favorables, avec une borne capable de d\u00e9livrer la puissance n\u00e9cessaire et une batterie \u00e0 la bonne temp\u00e9rature. Le temps r\u00e9el d\u00e9pend de l\u2019\u00e9tat de charge initial, de la courbe de recharge et de l\u2019occupation de la station.<\/p>\n\n<p class=\"wp-block-paragraph\">Une recharge de 10 \u00e0 80 % ne correspond pas \u00e0 70 % du temps d\u2019une charge compl\u00e8te. La puissance est \u00e9lev\u00e9e au d\u00e9but, puis diminue progressivement pour prot\u00e9ger la batterie lorsque son niveau augmente. Sur un long trajet, s\u2019arr\u00eater deux fois pour remonter de 10 \u00e0 80 % peut \u00eatre plus rapide qu\u2019attendre une charge \u00e0 100 %. L\u2019organisation pratique consiste \u00e0 partir charg\u00e9 depuis son domicile et \u00e0 choisir des arr\u00eats compatibles avec une pause normale.<\/p>\n\n<p class=\"wp-block-paragraph\">En courant alternatif, les donn\u00e9es fournies pour la DS 8 font \u00e9tat d\u2019une capacit\u00e9 jusqu\u2019\u00e0 22 kW. Certaines informations de configuration et de bornes mentionnent aussi une recharge \u00e0 11 kW, qui correspond au standard courant des installations triphas\u00e9es accessibles au public ou \u00e0 domicile. Avant commande, le futur propri\u00e9taire doit v\u00e9rifier la puissance du chargeur embarqu\u00e9 r\u00e9ellement incluse sur la version choisie, car une borne 22 kW ne recharge pas automatiquement \u00e0 22 kW un v\u00e9hicule limit\u00e9 \u00e0 11 kW.<\/p>\n\n<h3 class=\"wp-block-heading\">Le prix d\u2019achat ne comprend pas le co\u00fbt de l\u2019\u00e9nergie<\/h3>\n\n<p class=\"wp-block-paragraph\">Le prix d\u2019entr\u00e9e de la DS 8 74 kWh est fix\u00e9 \u00e0 59 200 \u20ac dans la grille DS Automobiles applicable en 2026. La version 97 kWh traction d\u00e9bute \u00e0 63 300 \u20ac. Ces montants correspondent au v\u00e9hicule et \u00e0 sa configuration de base, avant les \u00e9quipements suppl\u00e9mentaires, l\u2019assurance, l\u2019installation \u00e9ventuelle d\u2019une borne et le financement. Les offres commerciales peuvent \u00e9voluer, mais elles doivent \u00eatre lues avec leur date de validit\u00e9 et leurs conditions.<\/p>\n\n<p class=\"wp-block-paragraph\">Le co\u00fbt de la recharge varie fortement selon le lieu. \u00c0 domicile, l\u2019\u00e9nergie est factur\u00e9e au tarif du contrat d\u2019\u00e9lectricit\u00e9. Sur borne rapide, la facturation peut se faire au kWh, \u00e0 la minute, \u00e0 la session ou combiner plusieurs \u00e9l\u00e9ments. Un tarif de 0,25 \u20ac par kWh \u00e0 domicile et une consommation de 15,7 kWh\/100 km donnent 3,93 \u20ac pour 100 km, tandis qu\u2019un tarif public de 0,60 \u20ac par kWh porterait ce m\u00eame calcul \u00e0 9,42 \u20ac. Ces deux valeurs sont des simulations de co\u00fbt et non un bar\u00e8me national.<\/p>\n\n<p class=\"wp-block-paragraph\">Le conducteur doit conserver les factures de recharge lorsqu\u2019il souhaite suivre ses d\u00e9penses, notamment si le v\u00e9hicule est utilis\u00e9 dans un cadre professionnel. La fiscalit\u00e9 et les remboursements de frais rel\u00e8vent du centre des finances publiques, de l\u2019employeur ou de l\u2019expert-comptable selon la situation. Aucune r\u00e8gle g\u00e9n\u00e9rale ne permet de fixer ici le montant d\u00e9ductible ou remboursable pour un dossier particulier.<\/p>\n\n<p class=\"wp-block-paragraph\">La recharge \u00e0 domicile suppose aussi une installation adapt\u00e9e. Une prise domestique peut d\u00e9panner, mais sa faible puissance allonge nettement la dur\u00e9e. Une prise renforc\u00e9e ou une borne d\u00e9di\u00e9e doit \u00eatre install\u00e9e apr\u00e8s v\u00e9rification du tableau \u00e9lectrique et de la puissance souscrite. L\u2019intervention doit \u00eatre r\u00e9alis\u00e9e par un professionnel qualifi\u00e9 lorsqu\u2019une nouvelle ligne est n\u00e9cessaire, afin d\u2019\u00e9viter l\u2019\u00e9chauffement d\u2019une installation qui ne serait pas dimensionn\u00e9e pour une charge prolong\u00e9e.<\/p>\n\n<p class=\"wp-block-paragraph\">Le co\u00fbt d\u2019usage de la DS 8 d\u00e9pend moins du seul prix affich\u00e9 en concession que du lieu o\u00f9 vous rechargez, de la puissance r\u00e9ellement disponible et de la part d\u2019autoroute dans vos trajets.<\/p>\n\n<h2 class=\"wp-block-heading\"><span class=\"ez-toc-section\" id=\"Confort_technologie_et_place_de_la_DS_8_dans_la_gamme_DS\"><\/span>Confort, technologie et place de la DS 8 dans la gamme DS<span class=\"ez-toc-section-end\"><\/span><\/h2>\n\n<p class=\"wp-block-paragraph\">La DS 8 occupe le sommet de l\u2019offre \u00e9lectrique de DS Automobiles. Son positionnement tarifaire et ses dimensions l\u2019\u00e9loignent de la DS 4 et la placent au-dessus du DS 7 sur le terrain de l\u2019autonomie \u00e9lectrique et de la grande route. La marque mise sur un habitacle soign\u00e9, une pr\u00e9sentation num\u00e9rique et une recherche de silence, trois \u00e9l\u00e9ments attendus dans cette cat\u00e9gorie de prix.<\/p>\n\n<p class=\"wp-block-paragraph\">Le tableau de bord comprend un affichage num\u00e9rique de plus de 12 pouces selon les configurations pr\u00e9sent\u00e9es par DS. Les syst\u00e8mes Android Auto et Apple CarPlay permettent de prolonger l\u2019usage du t\u00e9l\u00e9phone \u00e0 bord, notamment pour la navigation et les appels. Le conducteur doit n\u00e9anmoins param\u00e9trer l\u2019itin\u00e9raire et les applications avant de repartir, car la manipulation d\u2019un \u00e9cran en circulation d\u00e9tourne l\u2019attention et peut relever de l\u2019usage interdit d\u2019un t\u00e9l\u00e9phone tenu en main.<\/p>\n\n<p class=\"wp-block-paragraph\">Le confort est \u00e9galement li\u00e9 au traitement du bruit. Une voiture \u00e9lectrique supprime le bruit d\u2019un moteur thermique \u00e0 bas r\u00e9gime, mais les bruits d\u2019air et de roulement deviennent plus perceptibles sur autoroute. La forme de carrosserie, les vitrages, les pneus et la suspension jouent alors un r\u00f4le important. DS pr\u00e9sente la DS 8 comme une routi\u00e8re feutr\u00e9e, mais l\u2019appr\u00e9ciation doit passer par un essai sur une chauss\u00e9e d\u00e9grad\u00e9e et \u00e0 vitesse stabilis\u00e9e.<\/p>\n\n<h3 class=\"wp-block-heading\">Comparer la DS 8 avec les autres offres de la marque<\/h3>\n\n<p class=\"wp-block-paragraph\">Un acheteur int\u00e9ress\u00e9 par le style DS mais recherchant une carrosserie plus classique peut examiner les diff\u00e9rences de motorisations, d\u2019\u00e9quipements et de volumes de la gamme existante. Les informations r\u00e9unies sur <a href=\"https:\/\/allotaxihorizon.fr\/blog\/ds7-motorisations-finitions\/\">les motorisations et finitions du DS 7<\/a> permettent de situer l\u2019\u00e9cart entre un SUV de la marque et cette grande berline \u00e9lectrique. Les deux v\u00e9hicules n\u2019ont ni le m\u00eame poids, ni le m\u00eame syst\u00e8me de propulsion, ni le m\u00eame objectif d\u2019autonomie.<\/p>\n\n<p class=\"wp-block-paragraph\">La DS 8 r\u00e9pond \u00e0 un besoin de v\u00e9hicule principal pour un foyer qui effectue des trajets interurbains r\u00e9guliers. Son coffre de 620 litres, sa batterie de 92 kWh utiles dans les versions Long Range et son autonomie WLTP \u00e9lev\u00e9e construisent une offre tourn\u00e9e vers la distance. Son encombrement et son prix la rendent moins adapt\u00e9e \u00e0 une fonction de seconde voiture urbaine, sauf lorsque le budget et le stationnement ne constituent pas des contraintes.<\/p>\n\n<p class=\"wp-block-paragraph\">Le design volontairement distinctif fait aussi partie du choix. Il ne peut pas \u00eatre r\u00e9duit \u00e0 une question de go\u00fbt, car il sert la recherche a\u00e9rodynamique et diff\u00e9rencie le v\u00e9hicule dans une cat\u00e9gorie tr\u00e8s concurrentielle. Une carrosserie plus fluide contribue \u00e0 r\u00e9duire l\u2019\u00e9nergie consomm\u00e9e \u00e0 vitesse \u00e9lev\u00e9e. Cette logique explique qu\u2019une grande voiture puisse afficher une autonomie homologu\u00e9e sup\u00e9rieure \u00e0 celle de SUV plus hauts ou plus anguleux.<\/p>\n\n<p class=\"wp-block-paragraph\">La DS 8 associe donc confort, technologie et autonomie dans une proposition de grande routi\u00e8re \u00e9lectrique. Le choix final d\u00e9pend du kilom\u00e9trage annuel, des possibilit\u00e9s de recharge priv\u00e9e, de la largeur des emplacements fr\u00e9quent\u00e9s et du niveau de puissance r\u00e9ellement utile.<\/p>\n\n\n<h3>Quelle autonomie r\u00e9elle attendre de la DS 8 sur autoroute ?<\/h3>\n<p>La valeur maximale de 750 km correspond au cycle WLTP de la DS 8 Long Range traction. Sur autoroute \u00e0 vitesse soutenue, un ordre de grandeur d\u2019environ 400 km est \u00e9voqu\u00e9 par des essais routiers, mais la temp\u00e9rature, le vent, la charge du v\u00e9hicule et la vitesse modifient directement le r\u00e9sultat.<\/p>\n<h3>Quelles sont les dimensions exactes de la DS 8 ?<\/h3>\n<p>Selon la fiche technique DS Automobiles disponible en 2026, la DS 8 mesure 4 820 mm de long, 2 100 mm de large avec les r\u00e9troviseurs et 1 580 mm de haut. Son empattement est de 2 900 mm.<\/p>\n<h3>Quel est le prix de la DS 8 \u00e9lectrique ?<\/h3>\n<p>Les tarifs DS Automobiles constat\u00e9s en 2026 commencent \u00e0 59 200 \u20ac pour la version 74 kWh traction. La version Long Range 97 kWh traction d\u00e9bute \u00e0 63 300 \u20ac, tandis que la version 97 kWh \u00e0 transmission int\u00e9grale est annonc\u00e9e \u00e0 partir de 74 600 \u20ac.<\/p>\n<h3>Combien de temps faut-il pour recharger la DS 8 sur borne rapide ?<\/h3>\n<p>DS annonce environ 30 minutes pour passer de 10 \u00e0 80 % sur une borne rapide en courant continu capable de fournir jusqu\u2019\u00e0 160 kW. Le r\u00e9sultat d\u00e9pend de la puissance r\u00e9elle de la borne, de la temp\u00e9rature de la batterie et de son niveau de charge au branchement.<\/p>\n\n","protected":false},"excerpt":{"rendered":"<p>La DS 8 se place parmi les grandes voitures \u00e9lectriques destin\u00e9es aux trajets fr\u00e9quents et aux longues distances. Son prix d\u2019acc\u00e8s annonc\u00e9 \u00e0 partir de 59 200 \u20ac en 2026, selon les tarifs publi\u00e9s par DS Automobiles, la situe face aux berlines et SUV coup\u00e9s haut de gamme. L\u2019autonomie annonc\u00e9e varie de 550 \u00e0 750 [&hellip;]<\/p>\n","protected":false},"author":1,"featured_media":317,"comment_status":"open","ping_status":"closed","sticky":false,"template":"","format":"standard","meta":{"footnotes":""},"categories":[19],"tags":[],"class_list":["post-316","post","type-post","status-publish","format-standard","has-post-thumbnail","hentry","category-mobilites-douces-electrique"],"_links":{"self":[{"href":"https:\/\/allotaxihorizon.fr\/blog\/wp-json\/wp\/v2\/posts\/316","targetHints":{"allow":["GET"]}}],"collection":[{"href":"https:\/\/allotaxihorizon.fr\/blog\/wp-json\/wp\/v2\/posts"}],"about":[{"href":"https:\/\/allotaxihorizon.fr\/blog\/wp-json\/wp\/v2\/types\/post"}],"author":[{"embeddable":true,"href":"https:\/\/allotaxihorizon.fr\/blog\/wp-json\/wp\/v2\/users\/1"}],"replies":[{"embeddable":true,"href":"https:\/\/allotaxihorizon.fr\/blog\/wp-json\/wp\/v2\/comments?post=316"}],"version-history":[{"count":2,"href":"https:\/\/allotaxihorizon.fr\/blog\/wp-json\/wp\/v2\/posts\/316\/revisions"}],"predecessor-version":[{"id":320,"href":"https:\/\/allotaxihorizon.fr\/blog\/wp-json\/wp\/v2\/posts\/316\/revisions\/320"}],"wp:featuredmedia":[{"embeddable":true,"href":"https:\/\/allotaxihorizon.fr\/blog\/wp-json\/wp\/v2\/media\/317"}],"wp:attachment":[{"href":"https:\/\/allotaxihorizon.fr\/blog\/wp-json\/wp\/v2\/media?parent=316"}],"wp:term":[{"taxonomy":"category","embeddable":true,"href":"https:\/\/allotaxihorizon.fr\/blog\/wp-json\/wp\/v2\/categories?post=316"},{"taxonomy":"post_tag","embeddable":true,"href":"https:\/\/allotaxihorizon.fr\/blog\/wp-json\/wp\/v2\/tags?post=316"}],"curies":[{"name":"wp","href":"https:\/\/api.w.org\/{rel}","templated":true}]}}