{"id":88,"date":"2026-08-15T10:11:42","date_gmt":"2026-08-15T10:11:42","guid":{"rendered":"https:\/\/allotaxihorizon.fr\/blog\/prix-carte-grise-region\/"},"modified":"2026-08-15T15:45:49","modified_gmt":"2026-08-15T15:45:49","slug":"prix-carte-grise-region","status":"publish","type":"post","link":"https:\/\/allotaxihorizon.fr\/blog\/prix-carte-grise-region\/","title":{"rendered":"Prix de la carte grise : calcul du cheval fiscal par r\u00e9gion"},"content":{"rendered":"<p class=\"wp-block-paragraph\">Vous achetez un v\u00e9hicule et vous devez demander son immatriculation dans les <strong>30 jours<\/strong> suivant la cession. Le prix carte grise d\u00e9pend d\u2019abord de la puissance fiscale inscrite en case P.6, puis du tarif vot\u00e9 par votre r\u00e9gion de r\u00e9sidence. Une voiture de 5 CV ne paie donc pas la m\u00eame taxe carte grise en Corse, en Hauts-de-France ou en \u00cele-de-France.<\/p>\n\n<p class=\"wp-block-paragraph\"><strong>En bref<\/strong><\/p>\n\n<ul class=\"wp-block-list\"><li>La taxe r\u00e9gionale Y.1 se calcule en multipliant les chevaux fiscaux par le tarif cheval fiscal applicable \u00e0 votre adresse.<\/li><li>En 2026, le co\u00fbt cheval fiscal va de 27 \u20ac en Corse \u00e0 54,95 \u20ac en \u00cele-de-France selon les taux communiqu\u00e9s par Service-Public.fr et les d\u00e9lib\u00e9rations r\u00e9gionales.<\/li><li>Les frais carte grise comprennent aussi la taxe de gestion de 11 \u20ac et la redevance d\u2019acheminement de 2,76 \u20ac, selon l\u2019article D. 322-5 du code de la route.<\/li><li>Un v\u00e9hicule de plus de dix ans b\u00e9n\u00e9ficie d\u2019une r\u00e9duction de 50 % sur la taxe r\u00e9gionale, sans r\u00e9duction sur les frais fixes.<\/li><li>La demande officielle s\u2019effectue gratuitement sur <a href=\"https:\/\/immatriculation.ants.gouv.fr\/\" target=\"_blank\" rel=\"noopener\">immatriculation.ants.gouv.fr<\/a>, hors taxes l\u00e9galement dues.<\/li><\/ul>\n\n<div id=\"ez-toc-container\" class=\"ez-toc-v2_0_87 counter-hierarchy ez-toc-counter ez-toc-grey ez-toc-container-direction\">\n<div class=\"ez-toc-title-container\">\n<p class=\"ez-toc-title\" style=\"cursor:inherit\">Sommaire<\/p>\n<span class=\"ez-toc-title-toggle\"><a href=\"#\" class=\"ez-toc-pull-right ez-toc-btn ez-toc-btn-xs ez-toc-btn-default ez-toc-toggle\" aria-label=\"Toggle Table of Content\"><span class=\"ez-toc-js-icon-con\"><span class=\"\"><span class=\"eztoc-hide\" style=\"display:none;\">Toggle<\/span><span class=\"ez-toc-icon-toggle-span\"><svg style=\"fill: #999;color:#999\" xmlns=\"http:\/\/www.w3.org\/2000\/svg\" class=\"list-377408\" width=\"20px\" height=\"20px\" viewBox=\"0 0 24 24\" fill=\"none\"><path d=\"M6 6H4v2h2V6zm14 0H8v2h12V6zM4 11h2v2H4v-2zm16 0H8v2h12v-2zM4 16h2v2H4v-2zm16 0H8v2h12v-2z\" fill=\"currentColor\"><\/path><\/svg><svg style=\"fill: #999;color:#999\" class=\"arrow-unsorted-368013\" xmlns=\"http:\/\/www.w3.org\/2000\/svg\" width=\"10px\" height=\"10px\" viewBox=\"0 0 24 24\" version=\"1.2\" baseProfile=\"tiny\"><path d=\"M18.2 9.3l-6.2-6.3-6.2 6.3c-.2.2-.3.4-.3.7s.1.5.3.7c.2.2.4.3.7.3h11c.3 0 .5-.1.7-.3.2-.2.3-.5.3-.7s-.1-.5-.3-.7zM5.8 14.7l6.2 6.3 6.2-6.3c.2-.2.3-.5.3-.7s-.1-.5-.3-.7c-.2-.2-.4-.3-.7-.3h-11c-.3 0-.5.1-.7.3-.2.2-.3.5-.3.7s.1.5.3.7z\"\/><\/svg><\/span><\/span><\/span><\/a><\/span><\/div>\n<nav><ul class='ez-toc-list ez-toc-list-level-1 eztoc-toggle-hide-by-default' ><li class='ez-toc-page-1 ez-toc-heading-level-2'><a class=\"ez-toc-link ez-toc-heading-1\" href=\"https:\/\/allotaxihorizon.fr\/blog\/prix-carte-grise-region\/#Calcul_cheval_fiscal_et_formule_du_prix_carte_grise\" >Calcul cheval fiscal et formule du prix carte grise<\/a><\/li><li class='ez-toc-page-1 ez-toc-heading-level-2'><a class=\"ez-toc-link ez-toc-heading-2\" href=\"https:\/\/allotaxihorizon.fr\/blog\/prix-carte-grise-region\/#Tarif_cheval_fiscal_2026_selon_votre_carte_grise_region\" >Tarif cheval fiscal 2026 selon votre carte grise r\u00e9gion<\/a><\/li><li class='ez-toc-page-1 ez-toc-heading-level-2'><a class=\"ez-toc-link ez-toc-heading-3\" href=\"https:\/\/allotaxihorizon.fr\/blog\/prix-carte-grise-region\/#Taxe_carte_grise_reduite_pour_un_vehicule_de_plus_de_dix_ans\" >Taxe carte grise r\u00e9duite pour un v\u00e9hicule de plus de dix ans<\/a><\/li><li class='ez-toc-page-1 ez-toc-heading-level-2'><a class=\"ez-toc-link ez-toc-heading-4\" href=\"https:\/\/allotaxihorizon.fr\/blog\/prix-carte-grise-region\/#Vehicule_electrique_utilitaire_et_malus_dans_le_prix_carte_grise\" >V\u00e9hicule \u00e9lectrique, utilitaire et malus dans le prix carte grise<\/a><\/li><li class='ez-toc-page-1 ez-toc-heading-level-2'><a class=\"ez-toc-link ez-toc-heading-5\" href=\"https:\/\/allotaxihorizon.fr\/blog\/prix-carte-grise-region\/#Immatriculation_voiture_sur_ANTS_et_verification_des_frais_carte_grise\" >Immatriculation voiture sur ANTS et v\u00e9rification des frais carte grise<\/a><\/li><\/ul><\/nav><\/div>\n<h2 class=\"wp-block-heading\"><span class=\"ez-toc-section\" id=\"Calcul_cheval_fiscal_et_formule_du_prix_carte_grise\"><\/span>Calcul cheval fiscal et formule du prix carte grise<span class=\"ez-toc-section-end\"><\/span><\/h2>\n\n<p class=\"wp-block-paragraph\">Le calcul cheval fiscal ne porte pas sur la puissance du moteur exprim\u00e9e en chevaux DIN. Il porte sur la puissance administrative, exprim\u00e9e en CV fiscaux et indiqu\u00e9e \u00e0 la rubrique P.6 du certificat d\u2019immatriculation. Cette donn\u00e9e reste la base de la taxe r\u00e9gionale, identifi\u00e9e par la ligne Y.1 sur le titre d\u00e9finitif.<\/p>\n\n<p class=\"wp-block-paragraph\">Pour une immatriculation voiture classique, la formule est la suivante. La puissance fiscale est multipli\u00e9e par le prix r\u00e9gional carte grise, puis les taxes fixes et les taxes particuli\u00e8res \u00e9ventuellement applicables sont ajout\u00e9es. Un v\u00e9hicule de 7 CV immatricul\u00e9 en Normandie, o\u00f9 le tarif est fix\u00e9 \u00e0 46 \u20ac par CV en 2026, g\u00e9n\u00e8re ainsi une taxe Y.1 de 322 \u20ac avant les autres lignes de taxe.<\/p>\n\n<h3 class=\"wp-block-heading\">Les lignes Y.1 \u00e0 Y.5 figurant sur le certificat d\u2019immatriculation<\/h3>\n\n<p class=\"wp-block-paragraph\">La ligne Y.1 correspond \u00e0 la taxe r\u00e9gionale. C\u2019est la partie qui varie le plus d\u2019un dossier \u00e0 l\u2019autre, car elle d\u00e9pend \u00e0 la fois de la carte grise r\u00e9gion et du nombre de CV fiscaux. Une petite voiture de 4 CV et un v\u00e9hicule de 10 CV n\u2019ont donc pas le m\u00eame point de d\u00e9part, m\u00eame lorsqu\u2019ils sont domicili\u00e9s dans la m\u00eame r\u00e9gion.<\/p>\n\n<p class=\"wp-block-paragraph\">La ligne Y.2 est la taxe destin\u00e9e au d\u00e9veloppement des actions de formation professionnelle dans les transports. Elle concerne notamment certains v\u00e9hicules utilitaires. Son montant d\u00e9pend de la cat\u00e9gorie du v\u00e9hicule et de son poids total autoris\u00e9 en charge, et non d\u2019un simple calcul fond\u00e9 sur les CV.<\/p>\n\n<p class=\"wp-block-paragraph\">La ligne Y.3 peut inclure le malus \u00e9cologique d\u00fb lors de la premi\u00e8re immatriculation en France de certaines voitures particuli\u00e8res neuves ou import\u00e9es. La loi de finances pour 2026 fixe un bar\u00e8me distinct pour les \u00e9missions de dioxyde de carbone et, dans certains cas, pour la masse du v\u00e9hicule. Ces montants peuvent d\u00e9passer largement la taxe r\u00e9gionale d\u2019un v\u00e9hicule puissant.<\/p>\n\n<p class=\"wp-block-paragraph\">La taxe de gestion Y.4 est fix\u00e9e \u00e0 <strong>11 \u20ac<\/strong> en 2026. La redevance d\u2019acheminement Y.5 est fix\u00e9e \u00e0 <strong>2,76 \u20ac<\/strong> pour l\u2019envoi s\u00e9curis\u00e9 du titre. Ces deux montants sont pr\u00e9vus par l\u2019article D. 322-5 du code de la route et par l\u2019arr\u00eat\u00e9 tarifaire applicable aux certificats d\u2019immatriculation.<\/p>\n\n<figure class=\"wp-block-table\"><table>\n<thead>\n<tr>\n<th>Ligne du titre<\/th>\n<th>Nature de la taxe<\/th>\n<th>Variable de calcul<\/th>\n<th>Application en 2026<\/th>\n<\/tr>\n<\/thead>\n<tbody>\n<tr>\n<td>Y.1<\/td>\n<td>Taxe r\u00e9gionale<\/td>\n<td>CV fiscaux \u00d7 tarif de la r\u00e9gion<\/td>\n<td>La plupart des immatriculations<\/td>\n<\/tr>\n<tr>\n<td>Y.2<\/td>\n<td>Formation professionnelle<\/td>\n<td>Genre du v\u00e9hicule et PTAC<\/td>\n<td>Certains utilitaires<\/td>\n<\/tr>\n<tr>\n<td>Y.3<\/td>\n<td>Malus et taxes \u00e9cologiques<\/td>\n<td>CO\u2082, masse, origine du v\u00e9hicule<\/td>\n<td>Cas pr\u00e9vus par la loi de finances<\/td>\n<\/tr>\n<tr>\n<td>Y.4<\/td>\n<td>Frais de gestion<\/td>\n<td>Forfait r\u00e9glementaire<\/td>\n<td>11 \u20ac<\/td>\n<\/tr>\n<tr>\n<td>Y.5<\/td>\n<td>Redevance d\u2019acheminement<\/td>\n<td>Forfait r\u00e9glementaire<\/td>\n<td>2,76 \u20ac<\/td>\n<\/tr>\n<\/tbody>\n<\/table><\/figure>\n\n<p class=\"wp-block-paragraph\">Un dossier standard de changement de titulaire pour une voiture d\u2019occasion de moins de dix ans comprend donc g\u00e9n\u00e9ralement Y.1, Y.4 et Y.5. Le montant des deux derni\u00e8res lignes est stable, tandis que la taxe r\u00e9gionale varie avec la puissance administrative et l\u2019adresse du titulaire au jour de la demande.<\/p>\n\n<p class=\"wp-block-paragraph\">La r\u00e9glementation carte grise ne permet pas de choisir librement une r\u00e9gion moins ch\u00e8re. Le tarif applicable est celui de la r\u00e9sidence principale figurant sur le justificatif de domicile pr\u00e9sent\u00e9 pour l\u2019immatriculation. L\u2019adresse d\u2019un proche, une adresse de travail ou l\u2019adresse du vendeur ne peuvent pas remplacer celle du demandeur.<\/p>\n\n\n\n<figure class=\"wp-block-image size-large\"><img loading=\"lazy\" decoding=\"async\" width=\"1536\" height=\"1024\" src=\"https:\/\/allotaxihorizon.fr\/blog\/wp-content\/uploads\/2026\/08\/calcul-taxe-carte-grise-calculatrice-document-voiture.jpg\" alt=\"Mains tenant une calculatrice au-dessus d&apos;un document\" class=\"wp-image-123\" srcset=\"https:\/\/allotaxihorizon.fr\/blog\/wp-content\/uploads\/2026\/08\/calcul-taxe-carte-grise-calculatrice-document-voiture.jpg 1536w, https:\/\/allotaxihorizon.fr\/blog\/wp-content\/uploads\/2026\/08\/calcul-taxe-carte-grise-calculatrice-document-voiture-300x200.jpg 300w, https:\/\/allotaxihorizon.fr\/blog\/wp-content\/uploads\/2026\/08\/calcul-taxe-carte-grise-calculatrice-document-voiture-1024x683.jpg 1024w, https:\/\/allotaxihorizon.fr\/blog\/wp-content\/uploads\/2026\/08\/calcul-taxe-carte-grise-calculatrice-document-voiture-768x512.jpg 768w\" sizes=\"auto, (max-width: 1536px) 100vw, 1536px\" \/><figcaption class=\"wp-element-caption\">Illustration g\u00e9n\u00e9r\u00e9e par intelligence artificielle.<\/figcaption><\/figure>\n\n<h2 class=\"wp-block-heading\"><span class=\"ez-toc-section\" id=\"Tarif_cheval_fiscal_2026_selon_votre_carte_grise_region\"><\/span>Tarif cheval fiscal 2026 selon votre carte grise r\u00e9gion<span class=\"ez-toc-section-end\"><\/span><\/h2>\n\n<p class=\"wp-block-paragraph\">Chaque conseil r\u00e9gional vote le montant du cheval fiscal. Le tarif est g\u00e9n\u00e9ralement adopt\u00e9 \u00e0 la fin de l\u2019ann\u00e9e pour une application au 1er janvier suivant. Service-Public.fr publie les montants r\u00e9gionaux mis \u00e0 jour, mais le paiement sur le t\u00e9l\u00e9service ANTS reste la r\u00e9f\u00e9rence au moment o\u00f9 votre dossier est valid\u00e9.<\/p>\n\n<p class=\"wp-block-paragraph\">Les \u00e9carts sont concrets. Pour 5 CV, la taxe r\u00e9gionale atteint 135 \u20ac en Corse avec un tarif de 27 \u20ac, contre 274,75 \u20ac en \u00cele-de-France avec un tarif de 54,95 \u20ac. Avant m\u00eame d\u2019ajouter les frais fixes, l\u2019\u00e9cart est de 139,75 \u20ac pour la m\u00eame puissance fiscale.<\/p>\n\n<h3 class=\"wp-block-heading\">Prix r\u00e9gional carte grise en France m\u00e9tropolitaine<\/h3>\n\n<p class=\"wp-block-paragraph\">Le tableau pr\u00e9sente la taxe Y.1 seule. Les montants de 5 CV et 7 CV ne comprennent ni les 11 \u20ac de gestion ni les 2,76 \u20ac d\u2019acheminement. Les taux indiqu\u00e9s correspondent aux bar\u00e8mes 2026 publi\u00e9s ou relay\u00e9s par Service-Public.fr, sous r\u00e9serve d\u2019une mise \u00e0 jour r\u00e9glementaire applicable lors du d\u00e9p\u00f4t.<\/p>\n\n<figure class=\"wp-block-table\"><table>\n<thead>\n<tr>\n<th>R\u00e9gion<\/th>\n<th>Tarif 2026 par CV<\/th>\n<th>Taxe Y.1 pour 5 CV<\/th>\n<th>Taxe Y.1 pour 7 CV<\/th>\n<\/tr>\n<\/thead>\n<tbody>\n<tr>\n<td>Auvergne-Rh\u00f4ne-Alpes<\/td>\n<td>43 \u20ac<\/td>\n<td>215 \u20ac<\/td>\n<td>301 \u20ac<\/td>\n<\/tr>\n<tr>\n<td>Bourgogne-Franche-Comt\u00e9<\/td>\n<td>51 \u20ac<\/td>\n<td>255 \u20ac<\/td>\n<td>357 \u20ac<\/td>\n<\/tr>\n<tr>\n<td>Bretagne<\/td>\n<td>51 \u20ac<\/td>\n<td>255 \u20ac<\/td>\n<td>357 \u20ac<\/td>\n<\/tr>\n<tr>\n<td>Centre-Val de Loire<\/td>\n<td>49,80 \u20ac<\/td>\n<td>249 \u20ac<\/td>\n<td>348,60 \u20ac<\/td>\n<\/tr>\n<tr>\n<td>Corse<\/td>\n<td>27 \u20ac<\/td>\n<td>135 \u20ac<\/td>\n<td>189 \u20ac<\/td>\n<\/tr>\n<tr>\n<td>Grand Est<\/td>\n<td>48 \u20ac<\/td>\n<td>240 \u20ac<\/td>\n<td>336 \u20ac<\/td>\n<\/tr>\n<tr>\n<td>Hauts-de-France<\/td>\n<td>36,20 \u20ac<\/td>\n<td>181 \u20ac<\/td>\n<td>253,40 \u20ac<\/td>\n<\/tr>\n<tr>\n<td>\u00cele-de-France<\/td>\n<td>54,95 \u20ac<\/td>\n<td>274,75 \u20ac<\/td>\n<td>384,65 \u20ac<\/td>\n<\/tr>\n<tr>\n<td>Normandie<\/td>\n<td>46 \u20ac<\/td>\n<td>230 \u20ac<\/td>\n<td>322 \u20ac<\/td>\n<\/tr>\n<tr>\n<td>Nouvelle-Aquitaine<\/td>\n<td>41 \u20ac<\/td>\n<td>205 \u20ac<\/td>\n<td>287 \u20ac<\/td>\n<\/tr>\n<tr>\n<td>Occitanie<\/td>\n<td>49 \u20ac<\/td>\n<td>245 \u20ac<\/td>\n<td>343 \u20ac<\/td>\n<\/tr>\n<tr>\n<td>Pays de la Loire<\/td>\n<td>51 \u20ac<\/td>\n<td>255 \u20ac<\/td>\n<td>357 \u20ac<\/td>\n<\/tr>\n<tr>\n<td>Provence-Alpes-C\u00f4te d\u2019Azur<\/td>\n<td>51,20 \u20ac<\/td>\n<td>256 \u20ac<\/td>\n<td>358,40 \u20ac<\/td>\n<\/tr>\n<\/tbody>\n<\/table><\/figure>\n\n<p class=\"wp-block-paragraph\">Les d\u00e9partements et collectivit\u00e9s d\u2019outre-mer disposent de leurs propres bar\u00e8mes. La Guadeloupe applique un tarif de 41 \u20ac par CV, la Guyane 42,50 \u20ac, La R\u00e9union 51 \u20ac, la Martinique 30 \u20ac et Mayotte 30 \u20ac, selon les donn\u00e9es 2026 disponibles sur le portail Service-Public.fr. La r\u00e9sidence du titulaire d\u00e9termine aussi le taux applicable dans ces territoires.<\/p>\n\n<p class=\"wp-block-paragraph\">Le co\u00fbt cheval fiscal n\u2019est donc pas une moyenne nationale \u00e0 appliquer sans v\u00e9rification. Une annonce mentionnant seulement \u00ab 6 CV \u00bb donne une information incompl\u00e8te tant que l\u2019adresse du futur titulaire et l\u2019anciennet\u00e9 du v\u00e9hicule ne sont pas connues. Le prix final doit \u00eatre calcul\u00e9 avec le bar\u00e8me de votre lieu de r\u00e9sidence.<\/p>\n\n<p class=\"wp-block-paragraph\">Les taux r\u00e9gionaux peuvent \u00e9voluer au 1er janvier. Une simulation consult\u00e9e au mois de d\u00e9cembre ne doit pas \u00eatre utilis\u00e9e pour pr\u00e9voir un paiement de janvier sans v\u00e9rifier le nouveau tarif. La date de validation du dossier d\u00e9termine le montant retenu par le syst\u00e8me d\u2019immatriculation.<\/p>\n\n<figure class=\"is-provider-youtube is-type-video wp-block-embed wp-block-embed-youtube wp-embed-aspect-16-9 wp-has-aspect-ratio\"><div class=\"wp-block-embed__wrapper\">\n<iframe loading=\"lazy\" title=\"Changement de tarifs : Le montant du cheval fiscal a mont\u00e9\" width=\"500\" height=\"281\" src=\"https:\/\/www.youtube.com\/embed\/YLwSuO5U8KE?feature=oembed\" frameborder=\"0\" allow=\"accelerometer; autoplay; clipboard-write; encrypted-media; gyroscope; picture-in-picture; web-share\" referrerpolicy=\"strict-origin-when-cross-origin\" allowfullscreen><\/iframe>\n<\/div><\/figure>\n\n<h2 class=\"wp-block-heading\"><span class=\"ez-toc-section\" id=\"Taxe_carte_grise_reduite_pour_un_vehicule_de_plus_de_dix_ans\"><\/span>Taxe carte grise r\u00e9duite pour un v\u00e9hicule de plus de dix ans<span class=\"ez-toc-section-end\"><\/span><\/h2>\n\n<p class=\"wp-block-paragraph\">L\u2019\u00e2ge du v\u00e9hicule a une incidence directe sur la taxe r\u00e9gionale. Lorsqu\u2019il a \u00e9t\u00e9 mis en circulation depuis plus de dix ans, la taxe Y.1 est r\u00e9duite de moiti\u00e9. Cette r\u00e8gle r\u00e9sulte de l\u2019article 1599 sexdecies du code g\u00e9n\u00e9ral des imp\u00f4ts et s\u2019applique automatiquement lorsque la date de premi\u00e8re immatriculation est correctement renseign\u00e9e.<\/p>\n\n<p class=\"wp-block-paragraph\">La date \u00e0 v\u00e9rifier se trouve en case B du certificat d\u2019immatriculation. Ce n\u2019est ni la date d\u2019achat, ni la date de vente, ni l\u2019ann\u00e9e du mod\u00e8le. Un v\u00e9hicule achet\u00e9 cette semaine peut b\u00e9n\u00e9ficier de la r\u00e9duction s\u2019il d\u00e9passe d\u00e9j\u00e0 dix ann\u00e9es depuis sa premi\u00e8re mise en circulation.<\/p>\n\n<h3 class=\"wp-block-heading\">Calcul complet d\u2019une voiture d\u2019occasion de 5 CV et de 7 CV<\/h3>\n\n<p class=\"wp-block-paragraph\">Pour une voiture de 5 CV de plus de dix ans immatricul\u00e9e en \u00cele-de-France, la taxe r\u00e9gionale n\u2019est pas de 274,75 \u20ac. Elle est divis\u00e9e par deux, soit 137,38 \u20ac apr\u00e8s arrondi r\u00e9glementaire. Avec la taxe de gestion de 11 \u20ac et la redevance de 2,76 \u20ac, le prix carte grise atteint <strong>151,14 \u20ac<\/strong>.<\/p>\n\n<p class=\"wp-block-paragraph\">Pour un v\u00e9hicule de 7 CV de moins de dix ans dans la m\u00eame r\u00e9gion, le calcul est diff\u00e9rent. La taxe Y.1 est de 7 \u00d7 54,95 \u20ac, soit 384,65 \u20ac, auxquels s\u2019ajoutent 13,76 \u20ac de frais fixes. Le total est alors de 398,41 \u20ac, hors situation particuli\u00e8re li\u00e9e notamment \u00e0 un malus ou \u00e0 une taxe professionnelle.<\/p>\n\n<figure class=\"wp-block-table\"><table>\n<thead>\n<tr>\n<th>Situation en \u00cele-de-France en 2026<\/th>\n<th>Taxe Y.1<\/th>\n<th>Y.4 et Y.5<\/th>\n<th>Total hors taxes particuli\u00e8res<\/th>\n<\/tr>\n<\/thead>\n<tbody>\n<tr>\n<td>5 CV, v\u00e9hicule de moins de 10 ans<\/td>\n<td>274,75 \u20ac<\/td>\n<td>13,76 \u20ac<\/td>\n<td>288,51 \u20ac<\/td>\n<\/tr>\n<tr>\n<td>5 CV, v\u00e9hicule de plus de 10 ans<\/td>\n<td>137,38 \u20ac<\/td>\n<td>13,76 \u20ac<\/td>\n<td>151,14 \u20ac<\/td>\n<\/tr>\n<tr>\n<td>7 CV, v\u00e9hicule de moins de 10 ans<\/td>\n<td>384,65 \u20ac<\/td>\n<td>13,76 \u20ac<\/td>\n<td>398,41 \u20ac<\/td>\n<\/tr>\n<tr>\n<td>7 CV, v\u00e9hicule de plus de 10 ans<\/td>\n<td>192,33 \u20ac<\/td>\n<td>13,76 \u20ac<\/td>\n<td>206,09 \u20ac<\/td>\n<\/tr>\n<\/tbody>\n<\/table><\/figure>\n\n<p class=\"wp-block-paragraph\">La r\u00e9duction de 50 % ne concerne pas la ligne Y.4 ni la ligne Y.5. Elle ne r\u00e9duit pas non plus les \u00e9ventuelles taxes Y.2 ou Y.3. Cette distinction explique certains \u00e9carts entre un calcul fait \u00e0 la main et le montant affich\u00e9 sur le t\u00e9l\u00e9service officiel.<\/p>\n\n<p class=\"wp-block-paragraph\">Les v\u00e9hicules de collection ne rel\u00e8vent pas automatiquement du r\u00e9gime des v\u00e9hicules de plus de dix ans. La mention \u00ab v\u00e9hicule de collection \u00bb est une situation administrative distincte, avec des r\u00e8gles propres. La cat\u00e9gorie du v\u00e9hicule et les donn\u00e9es renseign\u00e9es dans le syst\u00e8me SIV doivent \u00eatre contr\u00f4l\u00e9es avant de pr\u00e9voir un montant.<\/p>\n\n<p class=\"wp-block-paragraph\">Une moto suit aussi le principe de la puissance fiscale multipli\u00e9e par le tarif r\u00e9gional, avec la r\u00e9duction d\u2019anciennet\u00e9 lorsque les conditions sont r\u00e9unies. Les cyclomoteurs de moins de 50 cm\u00b3 b\u00e9n\u00e9ficient, eux, d\u2019un r\u00e9gime d\u2019immatriculation particulier. Le bar\u00e8me automobile ne doit donc pas \u00eatre transpos\u00e9 sans v\u00e9rifier le genre du v\u00e9hicule.<\/p>\n\n<h2 class=\"wp-block-heading\"><span class=\"ez-toc-section\" id=\"Vehicule_electrique_utilitaire_et_malus_dans_le_prix_carte_grise\"><\/span>V\u00e9hicule \u00e9lectrique, utilitaire et malus dans le prix carte grise<span class=\"ez-toc-section-end\"><\/span><\/h2>\n\n<p class=\"wp-block-paragraph\">Le calcul ne s\u2019arr\u00eate pas \u00e0 la taxe r\u00e9gionale pour tous les v\u00e9hicules. L\u2019\u00e9nergie inscrite en case P.3, le genre national indiqu\u00e9 en J.1 et la date de premi\u00e8re immatriculation peuvent modifier le montant \u00e0 payer. Ces donn\u00e9es doivent \u00eatre saisies exactement lors de la demande sur le site ANTS.<\/p>\n\n<p class=\"wp-block-paragraph\">Les v\u00e9hicules \u00e9lectriques et \u00e0 hydrog\u00e8ne b\u00e9n\u00e9ficient d\u2019une exon\u00e9ration de taxe r\u00e9gionale dans la plupart des r\u00e9gions. En 2026, le Centre-Val de Loire applique une exon\u00e9ration de 50 % pour les v\u00e9hicules concern\u00e9s, tandis que les autres r\u00e9gions m\u00e9tropolitaines appliquent g\u00e9n\u00e9ralement une exon\u00e9ration totale selon leurs d\u00e9lib\u00e9rations. Lorsque l\u2019exon\u00e9ration est totale, il reste habituellement les 13,76 \u20ac de gestion et d\u2019acheminement.<\/p>\n\n<h3 class=\"wp-block-heading\">Utilitaires et taxe de formation professionnelle<\/h3>\n\n<p class=\"wp-block-paragraph\">Pour un fourgon, une camionnette ou un autre v\u00e9hicule utilitaire, la ligne Y.2 peut \u00eatre ajout\u00e9e. Elle finance le d\u00e9veloppement des actions de formation professionnelle dans les transports. Son niveau d\u00e9pend du poids total autoris\u00e9 en charge et du type d\u2019usage, ce qui rend insuffisant un calcul limit\u00e9 \u00e0 la case P.6.<\/p>\n\n<p class=\"wp-block-paragraph\">Un v\u00e9hicule class\u00e9 CTTE sur sa carte grise ne doit pas \u00eatre simul\u00e9 comme une voiture particuli\u00e8re VP. Une erreur de genre peut modifier le total de mani\u00e8re sensible. Le certificat d\u2019immatriculation \u00e9tranger d\u2019un v\u00e9hicule import\u00e9 doit \u00e9galement \u00eatre examin\u00e9 avec attention, car la classification fran\u00e7aise peut diff\u00e9rer du document d\u2019origine.<\/p>\n\n<p class=\"wp-block-paragraph\">Le malus CO\u2082 concerne les premi\u00e8res immatriculations en France de voitures particuli\u00e8res entrant dans le champ fix\u00e9 par la loi de finances. Pour 2026, le bar\u00e8me commence \u00e0 118 g\/km avec une premi\u00e8re tranche de 50 \u20ac, selon les donn\u00e9es l\u00e9gales publi\u00e9es pour l\u2019ann\u00e9e. Il peut atteindre <strong>60 000 \u20ac<\/strong> pour les niveaux d\u2019\u00e9missions les plus \u00e9lev\u00e9s pr\u00e9vus au bar\u00e8me.<\/p>\n\n<p class=\"wp-block-paragraph\">Le malus li\u00e9 \u00e0 la masse est distinct du malus CO\u2082. Il peut viser certaines voitures particuli\u00e8res neuves dont la masse d\u00e9passe le seuil l\u00e9gal, avec des exon\u00e9rations ou abattements selon l\u2019\u00e9nergie et la composition du foyer. Cette situation doit \u00eatre appr\u00e9ci\u00e9e sur le dossier r\u00e9el, \u00e0 partir de la masse en ordre de marche et de la r\u00e9glementation applicable \u00e0 la date de premi\u00e8re immatriculation.<\/p>\n\n<blockquote class=\"wp-block-quote is-layout-flow wp-block-quote-is-layout-flow\"><p>\u00ab Le tarif de la taxe r\u00e9gionale est r\u00e9duit de moiti\u00e9 pour les v\u00e9hicules dont la date de premi\u00e8re mise en circulation est sup\u00e9rieure \u00e0 dix ans. \u00bb Cette r\u00e8gle rel\u00e8ve de l\u2019article 1599 sexdecies du code g\u00e9n\u00e9ral des imp\u00f4ts.<\/p><\/blockquote>\n\n<p class=\"wp-block-paragraph\">Les v\u00e9hicules hybrides rechargeables ne doivent pas \u00eatre assimil\u00e9s automatiquement aux v\u00e9hicules \u00e9lectriques. Leur exon\u00e9ration r\u00e9gionale d\u00e9pend de la d\u00e9lib\u00e9ration locale et les r\u00e8gles de malus ont \u00e9volu\u00e9 \u00e0 plusieurs reprises avec les lois de finances. La simulation officielle doit donc \u00eatre refaite pour chaque v\u00e9hicule, m\u00eame lorsque deux mod\u00e8les paraissent comparables.<\/p>\n\n<p class=\"wp-block-paragraph\">Les taxes \u00e9cologiques ne sont pas appliqu\u00e9es de la m\u00eame mani\u00e8re \u00e0 une occasion d\u00e9j\u00e0 immatricul\u00e9e en France et \u00e0 un v\u00e9hicule import\u00e9. Pour une importation, l\u2019administration examine notamment l\u2019\u00e2ge du v\u00e9hicule, sa premi\u00e8re date de circulation, son taux d\u2019\u00e9mission et son statut au regard des taxes d\u00e9j\u00e0 acquitt\u00e9es. En pr\u00e9sence d\u2019un doute, le service instructeur ou le centre des finances publiques comp\u00e9tent peut pr\u00e9ciser la r\u00e8gle applicable.<\/p>\n\n<figure class=\"is-provider-youtube is-type-video wp-block-embed wp-block-embed-youtube wp-embed-aspect-16-9 wp-has-aspect-ratio\"><div class=\"wp-block-embed__wrapper\">\n<iframe loading=\"lazy\" title=\"Cartes grises : des hausses de prix spectaculaires dans certaines r\u00e9gions\uff5cTF1 INFO\" width=\"500\" height=\"281\" src=\"https:\/\/www.youtube.com\/embed\/fjHHrkS3yxI?feature=oembed\" frameborder=\"0\" allow=\"accelerometer; autoplay; clipboard-write; encrypted-media; gyroscope; picture-in-picture; web-share\" referrerpolicy=\"strict-origin-when-cross-origin\" allowfullscreen><\/iframe>\n<\/div><\/figure>\n\n<h2 class=\"wp-block-heading\"><span class=\"ez-toc-section\" id=\"Immatriculation_voiture_sur_ANTS_et_verification_des_frais_carte_grise\"><\/span>Immatriculation voiture sur ANTS et v\u00e9rification des frais carte grise<span class=\"ez-toc-section-end\"><\/span><\/h2>\n\n<p class=\"wp-block-paragraph\">La demande de certificat d\u2019immatriculation doit \u00eatre d\u00e9pos\u00e9e sur le t\u00e9l\u00e9service officiel de l\u2019Agence nationale des titres s\u00e9curis\u00e9s, accessible \u00e0 l\u2019adresse <a href=\"https:\/\/immatriculation.ants.gouv.fr\/\" target=\"_blank\" rel=\"noopener\">immatriculation.ants.gouv.fr<\/a>. L\u2019utilisation du t\u00e9l\u00e9service est gratuite. Vous r\u00e9glez les taxes et redevances l\u00e9gales affich\u00e9es au terme de la proc\u00e9dure, sans frais de saisie ajout\u00e9s par l\u2019administration.<\/p>\n\n<p class=\"wp-block-paragraph\">Des professionnels habilit\u00e9s au syst\u00e8me d\u2019immatriculation des v\u00e9hicules peuvent d\u00e9poser un dossier pour votre compte. Leurs frais de service s\u2019ajoutent au montant r\u00e9glementaire et se situent souvent entre 20 \u20ac et 50 \u20ac selon le prestataire et la prestation propos\u00e9e. Cet agr\u00e9ment ne diminue ni la taxe r\u00e9gionale, ni le d\u00e9lai de fabrication du titre, ni les contr\u00f4les effectu\u00e9s par l\u2019administration.<\/p>\n\n<h3 class=\"wp-block-heading\">Documents \u00e0 r\u00e9unir avant de calculer le montant d\u00e9finitif<\/h3>\n\n<p class=\"wp-block-paragraph\">Un calcul fiable suppose que les informations du v\u00e9hicule et de la cession soient exactes. La puissance fiscale doit \u00eatre relev\u00e9e sur le certificat d\u2019immatriculation, non sur une annonce ou sur la puissance moteur commerciale. Pour un v\u00e9hicule \u00e9tranger, les informations figurant sur le certificat de conformit\u00e9 et les documents fiscaux servent \u00e0 \u00e9tablir les donn\u00e9es fran\u00e7aises.<\/p>\n\n<ol class=\"wp-block-list\"><li>V\u00e9rifiez que le vendeur a enregistr\u00e9 la d\u00e9claration de cession sur le t\u00e9l\u00e9service ANTS et qu\u2019il vous a transmis le code de cession s\u2019il en a obtenu un.<\/li><li>Relevez la case P.6 pour la puissance fiscale et la case B pour la date de premi\u00e8re mise en circulation.<\/li><li>Contr\u00f4lez le genre du v\u00e9hicule en case J.1, notamment pour distinguer une voiture particuli\u00e8re d\u2019un utilitaire.<\/li><li>Pr\u00e9parez le certificat de cession, le certificat d\u2019immatriculation barr\u00e9, dat\u00e9 et sign\u00e9, ainsi que le contr\u00f4le technique lorsque la r\u00e9glementation l\u2019exige.<\/li><li>Utilisez un justificatif de domicile correspondant \u00e0 la r\u00e9gion o\u00f9 vous r\u00e9sidez r\u00e9ellement.<\/li><li>Validez le montant affich\u00e9 par ANTS avant le paiement par carte bancaire, qui s\u2019effectue en une fois sur le t\u00e9l\u00e9service officiel.<\/li><\/ol>\n\n<p class=\"wp-block-paragraph\">Le certificat provisoire d\u2019immatriculation est disponible apr\u00e8s validation de la demande lorsque le dossier est complet. Il permet de circuler en France pendant un mois. Le titre d\u00e9finitif est fabriqu\u00e9 par l\u2019Imprimerie nationale puis exp\u00e9di\u00e9 par courrier suivi \u00e0 l\u2019adresse d\u00e9clar\u00e9e.<\/p>\n\n<p class=\"wp-block-paragraph\">Le d\u00e9lai de r\u00e9ception d\u00e9pend de la compl\u00e9tude du dossier et des v\u00e9rifications n\u00e9cessaires. Une pi\u00e8ce illisible, un contr\u00f4le technique expir\u00e9 ou une divergence sur l\u2019identit\u00e9 du vendeur suspendent l\u2019instruction. Aucun site payant ne peut supprimer ces contr\u00f4les, car ils rel\u00e8vent du syst\u00e8me d\u2019immatriculation et de la r\u00e9glementation carte grise.<\/p>\n\n<p class=\"wp-block-paragraph\">Un changement d\u2019adresse ne produit pas toujours une nouvelle carte physique. Pour les trois premiers changements, une \u00e9tiquette peut \u00eatre envoy\u00e9e sans taxe r\u00e9gionale, sous r\u00e9serve des r\u00e8gles applicables au dossier. \u00c0 partir du quatri\u00e8me changement, un nouveau titre est \u00e9dit\u00e9 et la redevance d\u2019acheminement est due.<\/p>\n\n<p class=\"wp-block-paragraph\">Si le montant affich\u00e9 ne correspond pas \u00e0 votre calcul, v\u00e9rifiez d\u2019abord la r\u00e9gion, la case P.6, l\u2019anciennet\u00e9 et le genre du v\u00e9hicule. Un d\u00e9saccord persistant sur une taxe, un malus ou une exon\u00e9ration demande l\u2019examen du dossier r\u00e9el par l\u2019ANTS ou, pour une question fiscale particuli\u00e8re, par le centre des finances publiques comp\u00e9tent.<\/p>\n\n\n<h3>Quel est le prix d\u2019une carte grise pour 5 chevaux fiscaux ?<\/h3>\n<p>Le montant d\u00e9pend du tarif r\u00e9gional. En 2026, la taxe Y.1 d\u2019un v\u00e9hicule de 5 CV est de 135 \u20ac en Corse, 181 \u20ac dans les Hauts-de-France et 274,75 \u20ac en \u00cele-de-France. Il faut ajouter 11 \u20ac de taxe de gestion et 2,76 \u20ac de redevance d\u2019acheminement pour une demande classique.<\/p>\n<h3>O\u00f9 trouver le nombre de chevaux fiscaux du v\u00e9hicule ?<\/h3>\n<p>La puissance fiscale figure en case P.6 du certificat d\u2019immatriculation. Cette donn\u00e9e est diff\u00e9rente de la puissance moteur exprim\u00e9e en chevaux DIN et sert au calcul de la taxe r\u00e9gionale Y.1.<\/p>\n<h3>La carte grise est-elle moins ch\u00e8re apr\u00e8s dix ans ?<\/h3>\n<p>Oui. L\u2019article 1599 sexdecies du code g\u00e9n\u00e9ral des imp\u00f4ts pr\u00e9voit une r\u00e9duction de 50 % sur la taxe r\u00e9gionale pour un v\u00e9hicule mis en circulation depuis plus de dix ans. Les frais fixes de 11 \u20ac et 2,76 \u20ac restent dus.<\/p>\n<h3>Faut-il payer un prestataire pour demander une carte grise ?<\/h3>\n<p>Non. La demande est r\u00e9alisable gratuitement sur immatriculation.ants.gouv.fr. Un professionnel habilit\u00e9 peut facturer une prestation de saisie ou d\u2019accompagnement, en plus des taxes officielles, sans r\u00e9duire les d\u00e9lais administratifs.<\/p>\n<h3>Quelle r\u00e9gion d\u00e9termine le tarif du cheval fiscal ?<\/h3>\n<p>Le tarif applicable est celui de la r\u00e9gion correspondant \u00e0 votre r\u00e9sidence principale, justifi\u00e9e dans le dossier d\u2019immatriculation. L\u2019adresse du vendeur ou celle du lieu d\u2019achat du v\u00e9hicule ne d\u00e9termine pas la taxe r\u00e9gionale.<\/p>\n\n","protected":false},"excerpt":{"rendered":"<p>Vous achetez un v\u00e9hicule et vous devez demander son immatriculation dans les 30 jours suivant la cession. Le prix carte grise d\u00e9pend d\u2019abord de la puissance fiscale inscrite en case P.6, puis du tarif vot\u00e9 par votre r\u00e9gion de r\u00e9sidence. Une voiture de 5 CV ne paie donc pas la m\u00eame taxe carte grise en [&hellip;]<\/p>\n","protected":false},"author":1,"featured_media":122,"comment_status":"open","ping_status":"closed","sticky":false,"template":"","format":"standard","meta":{"footnotes":""},"categories":[17],"tags":[],"class_list":["post-88","post","type-post","status-publish","format-standard","has-post-thumbnail","hentry","category-demarches-papiers"],"_links":{"self":[{"href":"https:\/\/allotaxihorizon.fr\/blog\/wp-json\/wp\/v2\/posts\/88","targetHints":{"allow":["GET"]}}],"collection":[{"href":"https:\/\/allotaxihorizon.fr\/blog\/wp-json\/wp\/v2\/posts"}],"about":[{"href":"https:\/\/allotaxihorizon.fr\/blog\/wp-json\/wp\/v2\/types\/post"}],"author":[{"embeddable":true,"href":"https:\/\/allotaxihorizon.fr\/blog\/wp-json\/wp\/v2\/users\/1"}],"replies":[{"embeddable":true,"href":"https:\/\/allotaxihorizon.fr\/blog\/wp-json\/wp\/v2\/comments?post=88"}],"version-history":[{"count":2,"href":"https:\/\/allotaxihorizon.fr\/blog\/wp-json\/wp\/v2\/posts\/88\/revisions"}],"predecessor-version":[{"id":125,"href":"https:\/\/allotaxihorizon.fr\/blog\/wp-json\/wp\/v2\/posts\/88\/revisions\/125"}],"wp:featuredmedia":[{"embeddable":true,"href":"https:\/\/allotaxihorizon.fr\/blog\/wp-json\/wp\/v2\/media\/122"}],"wp:attachment":[{"href":"https:\/\/allotaxihorizon.fr\/blog\/wp-json\/wp\/v2\/media?parent=88"}],"wp:term":[{"taxonomy":"category","embeddable":true,"href":"https:\/\/allotaxihorizon.fr\/blog\/wp-json\/wp\/v2\/categories?post=88"},{"taxonomy":"post_tag","embeddable":true,"href":"https:\/\/allotaxihorizon.fr\/blog\/wp-json\/wp\/v2\/tags?post=88"}],"curies":[{"name":"wp","href":"https:\/\/api.w.org\/{rel}","templated":true}]}}